{"id":49704,"date":"2024-02-21T22:40:05","date_gmt":"2024-02-21T21:40:05","guid":{"rendered":"https:\/\/www.insuco.com\/recoleccion-de-informacion-primaria-cualitativa-en-las-municipalidades-de-becerril-la-jagua-de-ibirico-y-el-paso-colombia\/"},"modified":"2024-02-21T22:41:07","modified_gmt":"2024-02-21T21:41:07","slug":"recoleccion-de-informacion-primaria-cualitativa-en-las-municipalidades-de-becerril-la-jagua-de-ibirico-y-el-paso-colombia","status":"publish","type":"post","link":"https:\/\/www.insuco.com\/es\/recoleccion-de-informacion-primaria-cualitativa-en-las-municipalidades-de-becerril-la-jagua-de-ibirico-y-el-paso-colombia\/","title":{"rendered":"Recolecci\u00f3n de informaci\u00f3n primaria cualitativa en las municipalidades de Becerril, La Jagua de Ibirico y El Paso, Colombia"},"content":{"rendered":"<p>[et_pb_section fb_built=\u00bb1&#8243; _builder_version=\u00bb4.16&#8243; global_colors_info=\u00bb{}\u00bb][et_pb_row _builder_version=\u00bb4.16&#8243; background_size=\u00bbinitial\u00bb background_position=\u00bbtop_left\u00bb background_repeat=\u00bbrepeat\u00bb global_colors_info=\u00bb{}\u00bb][et_pb_column type=\u00bb4_4&#8243; _builder_version=\u00bb4.16&#8243; custom_padding=\u00bb|||\u00bb global_colors_info=\u00bb{}\u00bb custom_padding__hover=\u00bb|||\u00bb][et_pb_text _builder_version=\u00bb4.16&#8243; background_size=\u00bbinitial\u00bb background_position=\u00bbtop_left\u00bb background_repeat=\u00bbrepeat\u00bb global_colors_info=\u00bb{}\u00bb]<span style=\"font-weight: 400;\">Desde el Observatorio de Transformaciones Territoriales (OTT), en colaboraci\u00f3n con el Programa de Desarrollo y Paz del Cesar (PDPC) y el apoyo de la Fundaci\u00f3n Ford, a trav\u00e9s de Insuco Colombia, hemos culminado con \u00e9xito la recolecci\u00f3n de informaci\u00f3n primaria cuantitativa en los municipios de Becerril, La Jagua de Ibirico y El Paso; llegando a un total de 1654 hogares. Esta etapa representa un logro fundamental para comprender la percepci\u00f3n desde el territorio sobre la Transici\u00f3n Energ\u00e9tica Justa (TEJ).<\/span><\/p>\n<p><span style=\"font-weight: 400;\">En la encuesta realizada, la mayor\u00eda de los participantes en Becerril (36,2%), El Paso (35,7%) y La Jagua de Ibirico (42,5%) manifestaron estar \u00abde acuerdo\u00bb con la Transici\u00f3n Energ\u00e9tica Justa (TEJ); Sin embargo, en promedio, solo el 5,4% de la totalidad de hogares manifestaron estar familiarizados con la hoja de ruta de la transici\u00f3n del gobierno nacional actual. En Becerril este porcentaje se ubica 5,4%, en El Paso en 9,3%, en La Jagua de Ibirico en 1,9% y el corregimiento de La Loma 13,6%.<\/span><\/p>\n<p><span style=\"font-weight: 400;\">Es importante destacar que los diferentes grupos de inter\u00e9s no solo ven la TEJ como una forma de reducir las emisiones de gases de efecto invernadero y mitigar el cambio clim\u00e1tico, sino tambi\u00e9n como una oportunidad para abordar las preocupaciones sociales y econ\u00f3micas relacionadas con esta transformaci\u00f3n. De hecho, la encuesta evidenci\u00f3 que, para los hogares, la inclusi\u00f3n de estas preocupaciones sociales y econ\u00f3micas es fundamental para una definici\u00f3n completa de la TEJ.<\/span><\/p>\n<p><span style=\"font-weight: 400;\">La encuesta tambi\u00e9n arroj\u00f3 que, los hogares cuentan con expectativas positivas sobre los cambios que traer\u00e1 la transici\u00f3n, especialmente oportunidades de empleo y obras de infraestructura. No obstante, a\u00fan existe una proporci\u00f3n importante de hogares que no creen que haya cambios.<\/span><\/p>\n<p><span style=\"font-weight: 400;\">En t\u00e9rminos de lo justo, las comunidades del Cesar tienen una clara percepci\u00f3n de la justicia en el marco de la Transici\u00f3n Energ\u00e9tica (TEJ). Esta percepci\u00f3n se basa en dos pilares fundamentales:<\/span><\/p>\n<p><span style=\"font-weight: 400;\"><strong>Justicia ambiental: Las comunidades esperan que la TEJ ayude a mitigar los impactos ambientales negativos de la extracci\u00f3n de carb\u00f3n, como la contaminaci\u00f3n del aire y del agua; aspiran a una transici\u00f3n hacia fuentes de energ\u00eda m\u00e1s limpias que les brinden un entorno m\u00e1s saludable.<\/strong><\/span><\/p>\n<p><span style=\"font-weight: 400;\"><strong>Justicia social: Las comunidades buscan que la TEJ les brinde estabilidad laboral y econ\u00f3mica; esperan que la transici\u00f3n genere nuevas oportunidades de empleo en sectores sostenibles y que se brinden programas de formaci\u00f3n y capacitaci\u00f3n para que puedan adaptarse a las nuevas necesidades del mercado laboral.<\/strong><\/span><\/p>\n<p><span style=\"font-weight: 400;\">Por otra parte, otra de las preocupaciones por abordar se relaciona con la compleja realidad laboral que enfrentan las mujeres, con menores tasas de participaci\u00f3n y mayores tasas de desempleo que los hombres. Propender por acciones que las involucren en la TEJ y consideren sus necesidades espec\u00edficas es fundamental para el relacionamiento con la comunidad; es necesario implementar pol\u00edticas p\u00fablicas que incentiven la participaci\u00f3n laboral de las mujeres en la TEJ y brinden oportunidades de formaci\u00f3n y capacitaci\u00f3n en \u00e1reas relacionadas con las nuevas tecnolog\u00edas energ\u00e9ticas.<\/span><\/p>\n<p><span style=\"font-weight: 400;\">Finalmente, una de las primeras conclusiones arrojadas con respecto al cambio clim\u00e1tico permiti\u00f3 evidenciar un bajo nivel de conocimiento general en los municipios, siendo un punto fundamental para que las comunidades comprendan la importancia de la TEJ y se apropien del proceso. Desde este punto, ser\u00e1 necesario implementar campa\u00f1as de sensibilizaci\u00f3n, talleres educativos y programas de formaci\u00f3n para fortalecer el conocimiento sobre cambio clim\u00e1tico y su relaci\u00f3n con la TEJ.<\/span><\/p>\n<p><span style=\"font-weight: 400;\">Pr\u00f3ximamente, se dar\u00e1 inicio a la fase de levantamiento de informaci\u00f3n primaria cualitativa por medio de entrevistas semiestructuradas, con las cuales buscaremos adquirir una comprensi\u00f3n profunda y contextualizada de las experiencias, percepciones y afectaciones de distintos grupos de inter\u00e9s y actores en relaci\u00f3n con la TEJ.<\/span><\/p>\n<p><span style=\"font-weight: 400;\">Al finalizar esta actividad, procederemos al an\u00e1lisis de datos para la elaboraci\u00f3n de un informe final. Este documento compartir\u00e1 las conclusiones y hallazgos del estudio, con el objetivo de aportar e incidir en la toma de decisiones estrat\u00e9gicas para el territorio, a partir de informaci\u00f3n t\u00e9cnica y contextualizada.<\/span><\/p>\n<p><span style=\"font-weight: 400;\">Esperamos realizar un evento de la mano con nuestros socios y aliados en el cual se reunir\u00e1n diversos actores de inter\u00e9s para ampliar los resultados y hallazgos obtenidos. Est\u00e9n conectados con nuestra red, pr\u00f3ximamente esperamos anunciar la fecha de la realizaci\u00f3n de este foro.<\/span><br \/>\n[\/et_pb_text][\/et_pb_column][\/et_pb_row][\/et_pb_section]<\/p>\n","protected":false},"excerpt":{"rendered":"<p>Desde el Observatorio de Transformaciones Territoriales (OTT), en colaboraci\u00f3n con el Programa de Desarrollo y Paz del Cesar (PDPC) y el apoyo de la Fundaci\u00f3n Ford, a trav\u00e9s de Insuco Colombia, hemos culminado con \u00e9xito la recolecci\u00f3n de informaci\u00f3n primaria cuantitativa en los municipios de Becerril, La Jagua de Ibirico y El Paso; llegando a [&hellip;]<\/p>\n","protected":false},"author":9,"featured_media":49695,"comment_status":"closed","ping_status":"open","sticky":false,"template":"","format":"standard","meta":{"_acf_changed":false,"_et_pb_use_builder":"on","_et_pb_old_content":"<p><span style=\"font-weight: 400;\">Gr\u00e2ce \u00e0 nos Observatoires des Transformations Territoriales (OTT), et en collaboration avec le Programme de D\u00e9veloppement et de Paix du C\u00e9sar (PDPC) et avec le soutien de la Fondation Ford, par le biais d'Insuco Colombie, nous avons r\u00e9ussi \u00e0 collecter avec succ\u00e8s des donn\u00e9es primaires quantitatives dans les municipalit\u00e9s de Becerril, La Jagua de Ibirico et El Paso ; atteignant un total de 1654 foyers. Cette \u00e9tape repr\u00e9sente une r\u00e9alisation fondamentale pour comprendre la perception territoriale de la Transition \u00c9nerg\u00e9tique Juste (TEJ).<\/span><\/p><p><span style=\"font-weight: 400;\">Dans l'enqu\u00eate men\u00e9e, la majorit\u00e9 des participants \u00e0 Becerril (36,2 %), El Paso (35,7 %) et La Jagua de Ibirico (42,5 %) ont d\u00e9clar\u00e9 \u00eatre \"d'accord\" avec la Transition \u00c9nerg\u00e9tique Juste (TEJ) ; cependant, en moyenne, seulement 5,4 % de l'ensemble des foyers ont d\u00e9clar\u00e9 \u00eatre familiers avec la feuille de route de transition du gouvernement national actuel. \u00c0 Becerril, ce pourcentage est de 5,4 %, \u00e0 El Paso de 9,3 %, \u00e0 La Jagua de Ibirico de 1,9 % et dans la localit\u00e9 de La Loma de 13,6 %.<\/span><\/p><p><span style=\"font-weight: 400;\">Il est important de souligner que les diff\u00e9rents groupes d'int\u00e9r\u00eat voient la TEJ non seulement comme un moyen de r\u00e9duire les \u00e9missions de gaz \u00e0 effet de serre et d'att\u00e9nuer le changement climatique, mais aussi comme une opportunit\u00e9 de r\u00e9pondre aux pr\u00e9occupations sociales et \u00e9conomiques li\u00e9es \u00e0 cette transformation. En effet, l'enqu\u00eate a montr\u00e9 que, pour les foyers, l'inclusion de ces pr\u00e9occupations sociales et \u00e9conomiques est essentielle pour une d\u00e9finition compl\u00e8te de la TEJ.<\/span><\/p><p><span style=\"font-weight: 400;\">L'enqu\u00eate a \u00e9galement r\u00e9v\u00e9l\u00e9 que les foyers ont des attentes positives quant aux changements que la transition apportera, notamment en termes d'opportunit\u00e9s d'emploi et d'infrastructures. Cependant, il existe encore une proportion importante de foyers qui ne croient pas qu'il y aura des changements.<\/span><\/p><p><span style=\"font-weight: 400;\">En termes de justice, les communaut\u00e9s du C\u00e9sar ont une perception claire de la justice dans le cadre de la Transition \u00c9nerg\u00e9tique (TEJ). Cette perception repose sur deux piliers fondamentaux :<\/span><\/p><p><span style=\"font-weight: 400;\"><strong>Justice environnementale:<\/strong> Les communaut\u00e9s esp\u00e8rent que la TEJ contribuera \u00e0 att\u00e9nuer les impacts environnementaux n\u00e9gatifs de l'extraction du charbon, tels que la pollution de l'air et de l'eau ; elles aspirent \u00e0 une transition vers des sources d'\u00e9nergie plus propres qui leur offrent un environnement plus sain.<\/span><\/p><p><span style=\"font-weight: 400;\"><strong>Justice sociale:<\/strong> Les communaut\u00e9s cherchent \u00e0 ce que la TEJ leur apporte une stabilit\u00e9 \u00e9conomique et professionnelle ; elles esp\u00e8rent que la transition g\u00e9n\u00e9rera de nouvelles opportunit\u00e9s d'emploi dans des secteurs durables et qu'elle fournira des programmes de formation pour qu'elles puissent s'adapter aux nouveaux besoins du march\u00e9 du travail.<\/span><\/p><p><span style=\"font-weight: 400;\">D'autre part, l'une des pr\u00e9occupations \u00e0 aborder concerne la r\u00e9alit\u00e9 complexe du march\u00e9 du travail \u00e0 laquelle sont confront\u00e9es les femmes, avec des taux de participation plus faibles et des taux de ch\u00f4mage plus \u00e9lev\u00e9s que les hommes. Promouvoir des actions qui les impliquent dans la TEJ et prennent en compte leurs besoins sp\u00e9cifiques est essentiel pour la relation avec la communaut\u00e9 ; il est n\u00e9cessaire de mettre en \u0153uvre des politiques publiques qui encouragent la participation des femmes au march\u00e9 du travail dans le cadre de la TEJ et offrent des opportunit\u00e9s de formation dans des domaines li\u00e9s aux nouvelles technologies \u00e9nerg\u00e9tiques.<\/span><\/p><p><span style=\"font-weight: 400;\">Enfin, l'une des premi\u00e8res conclusions concernant le changement climatique a permis de mettre en \u00e9vidence un faible niveau de connaissance g\u00e9n\u00e9rale dans les municipalit\u00e9s, ce qui est essentiel pour que les communaut\u00e9s comprennent l'importance de la TEJ et s'approprient le processus. \u00c0 partir de ce point, il sera n\u00e9cessaire de mettre en \u0153uvre des campagnes de sensibilisation, des ateliers \u00e9ducatifs et des programmes de formation pour renforcer les connaissances sur le changement climatique et sa relation avec la TEJ.<\/span><\/p><p><span style=\"font-weight: 400;\">Prochainement, nous entamerons la phase de collecte d'informations primaires qualitatives \u00e0 travers des entretiens semi-structur\u00e9s, avec lesquels nous chercherons \u00e0 acqu\u00e9rir une compr\u00e9hension approfondie et contextualis\u00e9e des exp\u00e9riences, perceptions et impacts de diff\u00e9rents groupes d'int\u00e9r\u00eat et acteurs concernant la TEJ.<\/span><\/p><p><span style=\"font-weight: 400;\">\u00c0 la fin de cette activit\u00e9, nous proc\u00e9derons \u00e0 l'analyse des donn\u00e9es pour la r\u00e9daction d'un rapport final. Ce document partagera les conclusions et les d\u00e9couvertes de l'\u00e9tude, dans le but de contribuer \u00e0 influencer les d\u00e9cisions strat\u00e9giques pour le territoire, \u00e0 partir d'informations techniques et contextualis\u00e9es.<\/span><\/p><p><span style=\"font-weight: 400;\">Nous pr\u00e9voyons d'organiser un \u00e9v\u00e9nement en collaboration avec nos partenaires et alli\u00e9s, au cours duquel divers acteurs d'int\u00e9r\u00eat se r\u00e9uniront pour discuter des r\u00e9sultats et des d\u00e9couvertes obtenus. Restez connect\u00e9s, nous annoncerons bient\u00f4t la date de cet \u00e9v\u00e9nement.<\/span><\/p>","_et_gb_content_width":"","footnotes":""},"categories":[191],"tags":[],"class_list":["post-49704","post","type-post","status-publish","format-standard","has-post-thumbnail","hentry","category-noticias-de-insuco"],"acf":[],"yoast_head":"<!-- This site is optimized with the Yoast SEO plugin v26.0 - https:\/\/yoast.com\/wordpress\/plugins\/seo\/ -->\n<title>Recolecci\u00f3n de informaci\u00f3n primaria cualitativa en las municipalidades de Becerril, La Jagua de Ibirico y El Paso, Colombia - Insuco<\/title>\n<meta name=\"robots\" content=\"index, follow, max-snippet:-1, max-image-preview:large, max-video-preview:-1\" \/>\n<link rel=\"canonical\" href=\"https:\/\/www.insuco.com\/es\/recoleccion-de-informacion-primaria-cualitativa-en-las-municipalidades-de-becerril-la-jagua-de-ibirico-y-el-paso-colombia\/\" \/>\n<meta property=\"og:locale\" content=\"es_ES\" \/>\n<meta property=\"og:type\" content=\"article\" \/>\n<meta property=\"og:title\" content=\"Recolecci\u00f3n de informaci\u00f3n primaria cualitativa en las municipalidades de Becerril, La Jagua de Ibirico y El Paso, Colombia - Insuco\" \/>\n<meta property=\"og:description\" content=\"Desde el Observatorio de Transformaciones Territoriales (OTT), en colaboraci\u00f3n con el Programa de Desarrollo y Paz del Cesar (PDPC) y el apoyo de la Fundaci\u00f3n Ford, a trav\u00e9s de Insuco Colombia, hemos culminado con \u00e9xito la recolecci\u00f3n de informaci\u00f3n primaria cuantitativa en los municipios de Becerril, La Jagua de Ibirico y El Paso; llegando a [&hellip;]\" \/>\n<meta property=\"og:url\" content=\"https:\/\/www.insuco.com\/es\/recoleccion-de-informacion-primaria-cualitativa-en-las-municipalidades-de-becerril-la-jagua-de-ibirico-y-el-paso-colombia\/\" \/>\n<meta property=\"og:site_name\" content=\"Insuco\" \/>\n<meta property=\"article:published_time\" content=\"2024-02-21T21:40:05+00:00\" \/>\n<meta property=\"article:modified_time\" content=\"2024-02-21T21:41:07+00:00\" \/>\n<meta property=\"og:image\" content=\"https:\/\/www.insuco.com\/wp-content\/uploads\/2024\/02\/IMG_7251-scaled.jpeg\" \/>\n\t<meta property=\"og:image:width\" content=\"2000\" \/>\n\t<meta property=\"og:image:height\" content=\"1500\" \/>\n\t<meta property=\"og:image:type\" content=\"image\/jpeg\" \/>\n<meta name=\"author\" content=\"Adminsuco\" \/>\n<meta name=\"twitter:card\" content=\"summary_large_image\" \/>\n<meta name=\"twitter:label1\" content=\"Escrito por\" \/>\n\t<meta name=\"twitter:data1\" content=\"Adminsuco\" \/>\n\t<meta name=\"twitter:label2\" content=\"Tiempo de lectura\" \/>\n\t<meta name=\"twitter:data2\" content=\"4 minutos\" \/>\n<script type=\"application\/ld+json\" class=\"yoast-schema-graph\">{\"@context\":\"https:\/\/schema.org\",\"@graph\":[{\"@type\":\"WebPage\",\"@id\":\"https:\/\/www.insuco.com\/es\/recoleccion-de-informacion-primaria-cualitativa-en-las-municipalidades-de-becerril-la-jagua-de-ibirico-y-el-paso-colombia\/\",\"url\":\"https:\/\/www.insuco.com\/es\/recoleccion-de-informacion-primaria-cualitativa-en-las-municipalidades-de-becerril-la-jagua-de-ibirico-y-el-paso-colombia\/\",\"name\":\"Recolecci\u00f3n de informaci\u00f3n primaria cualitativa en las municipalidades de Becerril, La Jagua de Ibirico y El Paso, Colombia - Insuco\",\"isPartOf\":{\"@id\":\"https:\/\/www.insuco.com\/es\/#website\"},\"primaryImageOfPage\":{\"@id\":\"https:\/\/www.insuco.com\/es\/recoleccion-de-informacion-primaria-cualitativa-en-las-municipalidades-de-becerril-la-jagua-de-ibirico-y-el-paso-colombia\/#primaryimage\"},\"image\":{\"@id\":\"https:\/\/www.insuco.com\/es\/recoleccion-de-informacion-primaria-cualitativa-en-las-municipalidades-de-becerril-la-jagua-de-ibirico-y-el-paso-colombia\/#primaryimage\"},\"thumbnailUrl\":\"https:\/\/www.insuco.com\/wp-content\/uploads\/2024\/02\/IMG_7251-scaled.jpeg\",\"datePublished\":\"2024-02-21T21:40:05+00:00\",\"dateModified\":\"2024-02-21T21:41:07+00:00\",\"author\":{\"@id\":\"https:\/\/www.insuco.com\/es\/#\/schema\/person\/3c72f109959d035ed553aaf9a4f36fb2\"},\"breadcrumb\":{\"@id\":\"https:\/\/www.insuco.com\/es\/recoleccion-de-informacion-primaria-cualitativa-en-las-municipalidades-de-becerril-la-jagua-de-ibirico-y-el-paso-colombia\/#breadcrumb\"},\"inLanguage\":\"es\",\"potentialAction\":[{\"@type\":\"ReadAction\",\"target\":[\"https:\/\/www.insuco.com\/es\/recoleccion-de-informacion-primaria-cualitativa-en-las-municipalidades-de-becerril-la-jagua-de-ibirico-y-el-paso-colombia\/\"]}]},{\"@type\":\"ImageObject\",\"inLanguage\":\"es\",\"@id\":\"https:\/\/www.insuco.com\/es\/recoleccion-de-informacion-primaria-cualitativa-en-las-municipalidades-de-becerril-la-jagua-de-ibirico-y-el-paso-colombia\/#primaryimage\",\"url\":\"https:\/\/www.insuco.com\/wp-content\/uploads\/2024\/02\/IMG_7251-scaled.jpeg\",\"contentUrl\":\"https:\/\/www.insuco.com\/wp-content\/uploads\/2024\/02\/IMG_7251-scaled.jpeg\",\"width\":2000,\"height\":1500},{\"@type\":\"BreadcrumbList\",\"@id\":\"https:\/\/www.insuco.com\/es\/recoleccion-de-informacion-primaria-cualitativa-en-las-municipalidades-de-becerril-la-jagua-de-ibirico-y-el-paso-colombia\/#breadcrumb\",\"itemListElement\":[{\"@type\":\"ListItem\",\"position\":1,\"name\":\"Accueil\",\"item\":\"https:\/\/www.insuco.com\/es\/\"},{\"@type\":\"ListItem\",\"position\":2,\"name\":\"Recolecci\u00f3n de informaci\u00f3n primaria cualitativa en las municipalidades de Becerril, La Jagua de Ibirico y El Paso, Colombia\"}]},{\"@type\":\"WebSite\",\"@id\":\"https:\/\/www.insuco.com\/es\/#website\",\"url\":\"https:\/\/www.insuco.com\/es\/\",\"name\":\"Insuco\",\"description\":\"Local understanding for sustainable solutions\",\"potentialAction\":[{\"@type\":\"SearchAction\",\"target\":{\"@type\":\"EntryPoint\",\"urlTemplate\":\"https:\/\/www.insuco.com\/es\/?s={search_term_string}\"},\"query-input\":{\"@type\":\"PropertyValueSpecification\",\"valueRequired\":true,\"valueName\":\"search_term_string\"}}],\"inLanguage\":\"es\"},{\"@type\":\"Person\",\"@id\":\"https:\/\/www.insuco.com\/es\/#\/schema\/person\/3c72f109959d035ed553aaf9a4f36fb2\",\"name\":\"Adminsuco\",\"image\":{\"@type\":\"ImageObject\",\"inLanguage\":\"es\",\"@id\":\"https:\/\/www.insuco.com\/es\/#\/schema\/person\/image\/\",\"url\":\"https:\/\/secure.gravatar.com\/avatar\/389ef4ba4632db6dc50909f0557b625d40f4c6e71aeace157847c2ffeafdb58d?s=96&d=mm&r=g\",\"contentUrl\":\"https:\/\/secure.gravatar.com\/avatar\/389ef4ba4632db6dc50909f0557b625d40f4c6e71aeace157847c2ffeafdb58d?s=96&d=mm&r=g\",\"caption\":\"Adminsuco\"}}]}<\/script>\n<!-- \/ Yoast SEO plugin. -->","yoast_head_json":{"title":"Recolecci\u00f3n de informaci\u00f3n primaria cualitativa en las municipalidades de Becerril, La Jagua de Ibirico y El Paso, Colombia - Insuco","robots":{"index":"index","follow":"follow","max-snippet":"max-snippet:-1","max-image-preview":"max-image-preview:large","max-video-preview":"max-video-preview:-1"},"canonical":"https:\/\/www.insuco.com\/es\/recoleccion-de-informacion-primaria-cualitativa-en-las-municipalidades-de-becerril-la-jagua-de-ibirico-y-el-paso-colombia\/","og_locale":"es_ES","og_type":"article","og_title":"Recolecci\u00f3n de informaci\u00f3n primaria cualitativa en las municipalidades de Becerril, La Jagua de Ibirico y El Paso, Colombia - Insuco","og_description":"Desde el Observatorio de Transformaciones Territoriales (OTT), en colaboraci\u00f3n con el Programa de Desarrollo y Paz del Cesar (PDPC) y el apoyo de la Fundaci\u00f3n Ford, a trav\u00e9s de Insuco Colombia, hemos culminado con \u00e9xito la recolecci\u00f3n de informaci\u00f3n primaria cuantitativa en los municipios de Becerril, La Jagua de Ibirico y El Paso; llegando a [&hellip;]","og_url":"https:\/\/www.insuco.com\/es\/recoleccion-de-informacion-primaria-cualitativa-en-las-municipalidades-de-becerril-la-jagua-de-ibirico-y-el-paso-colombia\/","og_site_name":"Insuco","article_published_time":"2024-02-21T21:40:05+00:00","article_modified_time":"2024-02-21T21:41:07+00:00","og_image":[{"width":2000,"height":1500,"url":"https:\/\/www.insuco.com\/wp-content\/uploads\/2024\/02\/IMG_7251-scaled.jpeg","type":"image\/jpeg"}],"author":"Adminsuco","twitter_card":"summary_large_image","twitter_misc":{"Escrito por":"Adminsuco","Tiempo de lectura":"4 minutos"},"schema":{"@context":"https:\/\/schema.org","@graph":[{"@type":"WebPage","@id":"https:\/\/www.insuco.com\/es\/recoleccion-de-informacion-primaria-cualitativa-en-las-municipalidades-de-becerril-la-jagua-de-ibirico-y-el-paso-colombia\/","url":"https:\/\/www.insuco.com\/es\/recoleccion-de-informacion-primaria-cualitativa-en-las-municipalidades-de-becerril-la-jagua-de-ibirico-y-el-paso-colombia\/","name":"Recolecci\u00f3n de informaci\u00f3n primaria cualitativa en las municipalidades de Becerril, La Jagua de Ibirico y El Paso, Colombia - Insuco","isPartOf":{"@id":"https:\/\/www.insuco.com\/es\/#website"},"primaryImageOfPage":{"@id":"https:\/\/www.insuco.com\/es\/recoleccion-de-informacion-primaria-cualitativa-en-las-municipalidades-de-becerril-la-jagua-de-ibirico-y-el-paso-colombia\/#primaryimage"},"image":{"@id":"https:\/\/www.insuco.com\/es\/recoleccion-de-informacion-primaria-cualitativa-en-las-municipalidades-de-becerril-la-jagua-de-ibirico-y-el-paso-colombia\/#primaryimage"},"thumbnailUrl":"https:\/\/www.insuco.com\/wp-content\/uploads\/2024\/02\/IMG_7251-scaled.jpeg","datePublished":"2024-02-21T21:40:05+00:00","dateModified":"2024-02-21T21:41:07+00:00","author":{"@id":"https:\/\/www.insuco.com\/es\/#\/schema\/person\/3c72f109959d035ed553aaf9a4f36fb2"},"breadcrumb":{"@id":"https:\/\/www.insuco.com\/es\/recoleccion-de-informacion-primaria-cualitativa-en-las-municipalidades-de-becerril-la-jagua-de-ibirico-y-el-paso-colombia\/#breadcrumb"},"inLanguage":"es","potentialAction":[{"@type":"ReadAction","target":["https:\/\/www.insuco.com\/es\/recoleccion-de-informacion-primaria-cualitativa-en-las-municipalidades-de-becerril-la-jagua-de-ibirico-y-el-paso-colombia\/"]}]},{"@type":"ImageObject","inLanguage":"es","@id":"https:\/\/www.insuco.com\/es\/recoleccion-de-informacion-primaria-cualitativa-en-las-municipalidades-de-becerril-la-jagua-de-ibirico-y-el-paso-colombia\/#primaryimage","url":"https:\/\/www.insuco.com\/wp-content\/uploads\/2024\/02\/IMG_7251-scaled.jpeg","contentUrl":"https:\/\/www.insuco.com\/wp-content\/uploads\/2024\/02\/IMG_7251-scaled.jpeg","width":2000,"height":1500},{"@type":"BreadcrumbList","@id":"https:\/\/www.insuco.com\/es\/recoleccion-de-informacion-primaria-cualitativa-en-las-municipalidades-de-becerril-la-jagua-de-ibirico-y-el-paso-colombia\/#breadcrumb","itemListElement":[{"@type":"ListItem","position":1,"name":"Accueil","item":"https:\/\/www.insuco.com\/es\/"},{"@type":"ListItem","position":2,"name":"Recolecci\u00f3n de informaci\u00f3n primaria cualitativa en las municipalidades de Becerril, La Jagua de Ibirico y El Paso, Colombia"}]},{"@type":"WebSite","@id":"https:\/\/www.insuco.com\/es\/#website","url":"https:\/\/www.insuco.com\/es\/","name":"Insuco","description":"Local understanding for sustainable solutions","potentialAction":[{"@type":"SearchAction","target":{"@type":"EntryPoint","urlTemplate":"https:\/\/www.insuco.com\/es\/?s={search_term_string}"},"query-input":{"@type":"PropertyValueSpecification","valueRequired":true,"valueName":"search_term_string"}}],"inLanguage":"es"},{"@type":"Person","@id":"https:\/\/www.insuco.com\/es\/#\/schema\/person\/3c72f109959d035ed553aaf9a4f36fb2","name":"Adminsuco","image":{"@type":"ImageObject","inLanguage":"es","@id":"https:\/\/www.insuco.com\/es\/#\/schema\/person\/image\/","url":"https:\/\/secure.gravatar.com\/avatar\/389ef4ba4632db6dc50909f0557b625d40f4c6e71aeace157847c2ffeafdb58d?s=96&d=mm&r=g","contentUrl":"https:\/\/secure.gravatar.com\/avatar\/389ef4ba4632db6dc50909f0557b625d40f4c6e71aeace157847c2ffeafdb58d?s=96&d=mm&r=g","caption":"Adminsuco"}}]}},"_links":{"self":[{"href":"https:\/\/www.insuco.com\/es\/wp-json\/wp\/v2\/posts\/49704","targetHints":{"allow":["GET"]}}],"collection":[{"href":"https:\/\/www.insuco.com\/es\/wp-json\/wp\/v2\/posts"}],"about":[{"href":"https:\/\/www.insuco.com\/es\/wp-json\/wp\/v2\/types\/post"}],"author":[{"embeddable":true,"href":"https:\/\/www.insuco.com\/es\/wp-json\/wp\/v2\/users\/9"}],"replies":[{"embeddable":true,"href":"https:\/\/www.insuco.com\/es\/wp-json\/wp\/v2\/comments?post=49704"}],"version-history":[{"count":13,"href":"https:\/\/www.insuco.com\/es\/wp-json\/wp\/v2\/posts\/49704\/revisions"}],"predecessor-version":[{"id":49717,"href":"https:\/\/www.insuco.com\/es\/wp-json\/wp\/v2\/posts\/49704\/revisions\/49717"}],"wp:featuredmedia":[{"embeddable":true,"href":"https:\/\/www.insuco.com\/es\/wp-json\/wp\/v2\/media\/49695"}],"wp:attachment":[{"href":"https:\/\/www.insuco.com\/es\/wp-json\/wp\/v2\/media?parent=49704"}],"wp:term":[{"taxonomy":"category","embeddable":true,"href":"https:\/\/www.insuco.com\/es\/wp-json\/wp\/v2\/categories?post=49704"},{"taxonomy":"post_tag","embeddable":true,"href":"https:\/\/www.insuco.com\/es\/wp-json\/wp\/v2\/tags?post=49704"}],"curies":[{"name":"wp","href":"https:\/\/api.w.org\/{rel}","templated":true}]}}