{"id":45689,"date":"2023-09-04T13:40:24","date_gmt":"2023-09-04T11:40:24","guid":{"rendered":"https:\/\/www.insuco.com\/?p=45689"},"modified":"2024-02-13T10:00:11","modified_gmt":"2024-02-13T09:00:11","slug":"seminario-de-consultoria","status":"publish","type":"post","link":"https:\/\/www.insuco.com\/es\/seminario-de-consultoria\/","title":{"rendered":"Seminario de consultor\u00eda en agosto de 2023"},"content":{"rendered":"<p>[et_pb_section fb_built=\u00bb1&#8243; admin_label=\u00bbsection\u00bb _builder_version=\u00bb4.16&#8243; global_colors_info=\u00bb{}\u00bb][et_pb_row admin_label=\u00bbrow\u00bb _builder_version=\u00bb4.16&#8243; background_size=\u00bbinitial\u00bb background_position=\u00bbtop_left\u00bb background_repeat=\u00bbrepeat\u00bb global_colors_info=\u00bb{}\u00bb][et_pb_column type=\u00bb4_4&#8243; _builder_version=\u00bb4.16&#8243; custom_padding=\u00bb|||\u00bb global_colors_info=\u00bb{}\u00bb custom_padding__hover=\u00bb|||\u00bb][et_pb_text admin_label=\u00bbText\u00bb _builder_version=\u00bb4.18.0&#8243; background_size=\u00bbinitial\u00bb background_position=\u00bbtop_left\u00bb background_repeat=\u00bbrepeat\u00bb hover_enabled=\u00bb0&#8243; global_colors_info=\u00bb{}\u00bb sticky_enabled=\u00bb0&#8243;]<\/p>\n<p>Porque en<strong> INSUCO<\/strong> los consultores no son simples subcontratistas, sino parte integrante de la aventura del Grupo, organizamos seminarios dedicados a nuestros expertos.<\/p>\n<p>En agosto, organizamos el <strong>seminario t\u00e9cnico para consultores 2023 franc\u00f3fono<\/strong>s, que reuni\u00f3 a nuestros expertos <strong>INSUCO<\/strong> en un marco maravilloso en el sur de Francia.<\/p>\n<p>Nos reunimos durante toda una semana en el sur de Francia, con los miembros de nuestros equipos t\u00e9cnicos, la direcci\u00f3n general y todos nuestros consultores internacionales franc\u00f3fonos. Tuvimos la oportunidad de mejorar nuestras herramientas, hablar de estrategia, reforzar nuestras colaboraciones y desarrollar nuevos enfoques, pero tambi\u00e9n de compartir momentos de convivencia.<\/p>\n<p>&nbsp;<\/p>\n<p>[\/et_pb_text][\/et_pb_column][\/et_pb_row][\/et_pb_section]<\/p>\n","protected":false},"excerpt":{"rendered":"<p>Organizamos el seminario t\u00e9cnico para consultores 2023 franc\u00f3fonos, que reuni\u00f3 a nuestros expertos INSUCO en un marco maravilloso en el sur de Francia.<\/p>\n","protected":false},"author":9,"featured_media":45687,"comment_status":"closed","ping_status":"open","sticky":false,"template":"","format":"standard","meta":{"_acf_changed":false,"_et_pb_use_builder":"on","_et_pb_old_content":"Nous avons organis\u00e9 le s\u00e9minaire technique LAC 2023 r\u00e9unissant les 5 bureaux <strong>INSUCO<\/strong> d'Am\u00e9rique Latine et des Cara\u00efbes\u00a0en Equateur.\r\n\r\nA travers des ateliers, des conf\u00e9rences, les \u00e9quipes fortes de leurs domaines d'expertise pluriels, ont pu partager leurs exp\u00e9riences et les le\u00e7ons apprises ces derni\u00e8res ann\u00e9es dans la r\u00e9gion. Ainsi, au c\u0153ur de ces \u00e9changes enrichissants, nous avons pu apprendre ensemble et d\u00e9finir de nouvelles perspectives pour <strong>Insuco<\/strong> en termes de <strong>Gouvernance, de D\u00e9veloppement Territorial, de Dialogue multi acteur<\/strong> et de <strong>R\u00e9installation<\/strong>.\r\n\r\nC'est aussi l'occasion pour nos \u00e9quipes de r\u00e9affirmer leur attachement dans leur pratique professionnelle \u00e0 l'importance de la <strong>gestion des connaissances<\/strong> comme valeur cl\u00e9 de ce que nous sommes et de ce que nous voulons transmettre d'<strong>Insuco<\/strong> dans la construction de <strong>processus durables<\/strong> et <strong>\u00e0 fort impact<\/strong>.","_et_gb_content_width":"","footnotes":""},"categories":[191],"tags":[566],"class_list":["post-45689","post","type-post","status-publish","format-standard","has-post-thumbnail","hentry","category-noticias-de-insuco","tag-anciens-articles-avec-builder-es"],"acf":[],"yoast_head":"<!-- This site is optimized with the Yoast SEO plugin v26.0 - https:\/\/yoast.com\/wordpress\/plugins\/seo\/ -->\n<title>Seminario de consultor\u00eda en agosto de 2023 - Insuco<\/title>\n<meta name=\"robots\" content=\"index, follow, max-snippet:-1, max-image-preview:large, max-video-preview:-1\" \/>\n<link rel=\"canonical\" href=\"https:\/\/www.insuco.com\/es\/seminario-de-consultoria\/\" \/>\n<meta property=\"og:locale\" content=\"es_ES\" \/>\n<meta property=\"og:type\" content=\"article\" \/>\n<meta property=\"og:title\" content=\"Seminario de consultor\u00eda en agosto de 2023 - Insuco\" \/>\n<meta property=\"og:description\" content=\"Organizamos el seminario t\u00e9cnico para consultores 2023 franc\u00f3fonos, que reuni\u00f3 a nuestros expertos INSUCO en un marco maravilloso en el sur de Francia.\" \/>\n<meta property=\"og:url\" content=\"https:\/\/www.insuco.com\/es\/seminario-de-consultoria\/\" \/>\n<meta property=\"og:site_name\" content=\"Insuco\" \/>\n<meta property=\"article:published_time\" content=\"2023-09-04T11:40:24+00:00\" \/>\n<meta property=\"article:modified_time\" content=\"2024-02-13T09:00:11+00:00\" \/>\n<meta property=\"og:image\" content=\"https:\/\/www.insuco.com\/wp-content\/uploads\/2023\/09\/Seeminaire-retouchee.jpg\" \/>\n\t<meta property=\"og:image:width\" content=\"714\" \/>\n\t<meta property=\"og:image:height\" content=\"849\" \/>\n\t<meta property=\"og:image:type\" content=\"image\/jpeg\" \/>\n<meta name=\"author\" content=\"Adminsuco\" \/>\n<meta name=\"twitter:card\" content=\"summary_large_image\" \/>\n<meta name=\"twitter:label1\" content=\"Escrito por\" \/>\n\t<meta name=\"twitter:data1\" content=\"Adminsuco\" \/>\n\t<meta name=\"twitter:label2\" content=\"Tiempo de lectura\" \/>\n\t<meta name=\"twitter:data2\" content=\"1 minuto\" \/>\n<script type=\"application\/ld+json\" class=\"yoast-schema-graph\">{\"@context\":\"https:\/\/schema.org\",\"@graph\":[{\"@type\":\"WebPage\",\"@id\":\"https:\/\/www.insuco.com\/es\/seminario-de-consultoria\/\",\"url\":\"https:\/\/www.insuco.com\/es\/seminario-de-consultoria\/\",\"name\":\"Seminario de consultor\u00eda en agosto de 2023 - Insuco\",\"isPartOf\":{\"@id\":\"https:\/\/www.insuco.com\/es\/#website\"},\"primaryImageOfPage\":{\"@id\":\"https:\/\/www.insuco.com\/es\/seminario-de-consultoria\/#primaryimage\"},\"image\":{\"@id\":\"https:\/\/www.insuco.com\/es\/seminario-de-consultoria\/#primaryimage\"},\"thumbnailUrl\":\"https:\/\/www.insuco.com\/wp-content\/uploads\/2023\/09\/Seeminaire-retouchee.jpg\",\"datePublished\":\"2023-09-04T11:40:24+00:00\",\"dateModified\":\"2024-02-13T09:00:11+00:00\",\"author\":{\"@id\":\"https:\/\/www.insuco.com\/es\/#\/schema\/person\/3c72f109959d035ed553aaf9a4f36fb2\"},\"breadcrumb\":{\"@id\":\"https:\/\/www.insuco.com\/es\/seminario-de-consultoria\/#breadcrumb\"},\"inLanguage\":\"es\",\"potentialAction\":[{\"@type\":\"ReadAction\",\"target\":[\"https:\/\/www.insuco.com\/es\/seminario-de-consultoria\/\"]}]},{\"@type\":\"ImageObject\",\"inLanguage\":\"es\",\"@id\":\"https:\/\/www.insuco.com\/es\/seminario-de-consultoria\/#primaryimage\",\"url\":\"https:\/\/www.insuco.com\/wp-content\/uploads\/2023\/09\/Seeminaire-retouchee.jpg\",\"contentUrl\":\"https:\/\/www.insuco.com\/wp-content\/uploads\/2023\/09\/Seeminaire-retouchee.jpg\",\"width\":714,\"height\":849},{\"@type\":\"BreadcrumbList\",\"@id\":\"https:\/\/www.insuco.com\/es\/seminario-de-consultoria\/#breadcrumb\",\"itemListElement\":[{\"@type\":\"ListItem\",\"position\":1,\"name\":\"Accueil\",\"item\":\"https:\/\/www.insuco.com\/es\/\"},{\"@type\":\"ListItem\",\"position\":2,\"name\":\"Seminario de consultor\u00eda en agosto de 2023\"}]},{\"@type\":\"WebSite\",\"@id\":\"https:\/\/www.insuco.com\/es\/#website\",\"url\":\"https:\/\/www.insuco.com\/es\/\",\"name\":\"Insuco\",\"description\":\"Local understanding for sustainable solutions\",\"potentialAction\":[{\"@type\":\"SearchAction\",\"target\":{\"@type\":\"EntryPoint\",\"urlTemplate\":\"https:\/\/www.insuco.com\/es\/?s={search_term_string}\"},\"query-input\":{\"@type\":\"PropertyValueSpecification\",\"valueRequired\":true,\"valueName\":\"search_term_string\"}}],\"inLanguage\":\"es\"},{\"@type\":\"Person\",\"@id\":\"https:\/\/www.insuco.com\/es\/#\/schema\/person\/3c72f109959d035ed553aaf9a4f36fb2\",\"name\":\"Adminsuco\",\"image\":{\"@type\":\"ImageObject\",\"inLanguage\":\"es\",\"@id\":\"https:\/\/www.insuco.com\/es\/#\/schema\/person\/image\/\",\"url\":\"https:\/\/secure.gravatar.com\/avatar\/389ef4ba4632db6dc50909f0557b625d40f4c6e71aeace157847c2ffeafdb58d?s=96&d=mm&r=g\",\"contentUrl\":\"https:\/\/secure.gravatar.com\/avatar\/389ef4ba4632db6dc50909f0557b625d40f4c6e71aeace157847c2ffeafdb58d?s=96&d=mm&r=g\",\"caption\":\"Adminsuco\"}}]}<\/script>\n<!-- \/ Yoast SEO plugin. -->","yoast_head_json":{"title":"Seminario de consultor\u00eda en agosto de 2023 - Insuco","robots":{"index":"index","follow":"follow","max-snippet":"max-snippet:-1","max-image-preview":"max-image-preview:large","max-video-preview":"max-video-preview:-1"},"canonical":"https:\/\/www.insuco.com\/es\/seminario-de-consultoria\/","og_locale":"es_ES","og_type":"article","og_title":"Seminario de consultor\u00eda en agosto de 2023 - Insuco","og_description":"Organizamos el seminario t\u00e9cnico para consultores 2023 franc\u00f3fonos, que reuni\u00f3 a nuestros expertos INSUCO en un marco maravilloso en el sur de Francia.","og_url":"https:\/\/www.insuco.com\/es\/seminario-de-consultoria\/","og_site_name":"Insuco","article_published_time":"2023-09-04T11:40:24+00:00","article_modified_time":"2024-02-13T09:00:11+00:00","og_image":[{"width":714,"height":849,"url":"https:\/\/www.insuco.com\/wp-content\/uploads\/2023\/09\/Seeminaire-retouchee.jpg","type":"image\/jpeg"}],"author":"Adminsuco","twitter_card":"summary_large_image","twitter_misc":{"Escrito por":"Adminsuco","Tiempo de lectura":"1 minuto"},"schema":{"@context":"https:\/\/schema.org","@graph":[{"@type":"WebPage","@id":"https:\/\/www.insuco.com\/es\/seminario-de-consultoria\/","url":"https:\/\/www.insuco.com\/es\/seminario-de-consultoria\/","name":"Seminario de consultor\u00eda en agosto de 2023 - Insuco","isPartOf":{"@id":"https:\/\/www.insuco.com\/es\/#website"},"primaryImageOfPage":{"@id":"https:\/\/www.insuco.com\/es\/seminario-de-consultoria\/#primaryimage"},"image":{"@id":"https:\/\/www.insuco.com\/es\/seminario-de-consultoria\/#primaryimage"},"thumbnailUrl":"https:\/\/www.insuco.com\/wp-content\/uploads\/2023\/09\/Seeminaire-retouchee.jpg","datePublished":"2023-09-04T11:40:24+00:00","dateModified":"2024-02-13T09:00:11+00:00","author":{"@id":"https:\/\/www.insuco.com\/es\/#\/schema\/person\/3c72f109959d035ed553aaf9a4f36fb2"},"breadcrumb":{"@id":"https:\/\/www.insuco.com\/es\/seminario-de-consultoria\/#breadcrumb"},"inLanguage":"es","potentialAction":[{"@type":"ReadAction","target":["https:\/\/www.insuco.com\/es\/seminario-de-consultoria\/"]}]},{"@type":"ImageObject","inLanguage":"es","@id":"https:\/\/www.insuco.com\/es\/seminario-de-consultoria\/#primaryimage","url":"https:\/\/www.insuco.com\/wp-content\/uploads\/2023\/09\/Seeminaire-retouchee.jpg","contentUrl":"https:\/\/www.insuco.com\/wp-content\/uploads\/2023\/09\/Seeminaire-retouchee.jpg","width":714,"height":849},{"@type":"BreadcrumbList","@id":"https:\/\/www.insuco.com\/es\/seminario-de-consultoria\/#breadcrumb","itemListElement":[{"@type":"ListItem","position":1,"name":"Accueil","item":"https:\/\/www.insuco.com\/es\/"},{"@type":"ListItem","position":2,"name":"Seminario de consultor\u00eda en agosto de 2023"}]},{"@type":"WebSite","@id":"https:\/\/www.insuco.com\/es\/#website","url":"https:\/\/www.insuco.com\/es\/","name":"Insuco","description":"Local understanding for sustainable solutions","potentialAction":[{"@type":"SearchAction","target":{"@type":"EntryPoint","urlTemplate":"https:\/\/www.insuco.com\/es\/?s={search_term_string}"},"query-input":{"@type":"PropertyValueSpecification","valueRequired":true,"valueName":"search_term_string"}}],"inLanguage":"es"},{"@type":"Person","@id":"https:\/\/www.insuco.com\/es\/#\/schema\/person\/3c72f109959d035ed553aaf9a4f36fb2","name":"Adminsuco","image":{"@type":"ImageObject","inLanguage":"es","@id":"https:\/\/www.insuco.com\/es\/#\/schema\/person\/image\/","url":"https:\/\/secure.gravatar.com\/avatar\/389ef4ba4632db6dc50909f0557b625d40f4c6e71aeace157847c2ffeafdb58d?s=96&d=mm&r=g","contentUrl":"https:\/\/secure.gravatar.com\/avatar\/389ef4ba4632db6dc50909f0557b625d40f4c6e71aeace157847c2ffeafdb58d?s=96&d=mm&r=g","caption":"Adminsuco"}}]}},"_links":{"self":[{"href":"https:\/\/www.insuco.com\/es\/wp-json\/wp\/v2\/posts\/45689","targetHints":{"allow":["GET"]}}],"collection":[{"href":"https:\/\/www.insuco.com\/es\/wp-json\/wp\/v2\/posts"}],"about":[{"href":"https:\/\/www.insuco.com\/es\/wp-json\/wp\/v2\/types\/post"}],"author":[{"embeddable":true,"href":"https:\/\/www.insuco.com\/es\/wp-json\/wp\/v2\/users\/9"}],"replies":[{"embeddable":true,"href":"https:\/\/www.insuco.com\/es\/wp-json\/wp\/v2\/comments?post=45689"}],"version-history":[{"count":11,"href":"https:\/\/www.insuco.com\/es\/wp-json\/wp\/v2\/posts\/45689\/revisions"}],"predecessor-version":[{"id":45730,"href":"https:\/\/www.insuco.com\/es\/wp-json\/wp\/v2\/posts\/45689\/revisions\/45730"}],"wp:featuredmedia":[{"embeddable":true,"href":"https:\/\/www.insuco.com\/es\/wp-json\/wp\/v2\/media\/45687"}],"wp:attachment":[{"href":"https:\/\/www.insuco.com\/es\/wp-json\/wp\/v2\/media?parent=45689"}],"wp:term":[{"taxonomy":"category","embeddable":true,"href":"https:\/\/www.insuco.com\/es\/wp-json\/wp\/v2\/categories?post=45689"},{"taxonomy":"post_tag","embeddable":true,"href":"https:\/\/www.insuco.com\/es\/wp-json\/wp\/v2\/tags?post=45689"}],"curies":[{"name":"wp","href":"https:\/\/api.w.org\/{rel}","templated":true}]}}