{"id":45366,"date":"2023-07-20T13:25:59","date_gmt":"2023-07-20T11:25:59","guid":{"rendered":"https:\/\/www.insuco.com\/?p=45366"},"modified":"2024-02-13T10:00:12","modified_gmt":"2024-02-13T09:00:12","slug":"seminario-de-america-latina-y-el-caribe-en-ecuador","status":"publish","type":"post","link":"https:\/\/www.insuco.com\/es\/seminario-de-america-latina-y-el-caribe-en-ecuador\/","title":{"rendered":"Seminario de Am\u00e9rica Latina y el Caribe en Ecuador en julio de 2023"},"content":{"rendered":"<p>[et_pb_section fb_built=\u00bb1&#8243; admin_label=\u00bbsection\u00bb _builder_version=\u00bb4.16&#8243; global_colors_info=\u00bb{}\u00bb][et_pb_row admin_label=\u00bbrow\u00bb _builder_version=\u00bb4.16&#8243; background_size=\u00bbinitial\u00bb background_position=\u00bbtop_left\u00bb background_repeat=\u00bbrepeat\u00bb global_colors_info=\u00bb{}\u00bb][et_pb_column type=\u00bb4_4&#8243; _builder_version=\u00bb4.16&#8243; custom_padding=\u00bb|||\u00bb global_colors_info=\u00bb{}\u00bb custom_padding__hover=\u00bb|||\u00bb][et_pb_text admin_label=\u00bbText\u00bb _builder_version=\u00bb4.18.0&#8243; background_size=\u00bbinitial\u00bb background_position=\u00bbtop_left\u00bb background_repeat=\u00bbrepeat\u00bb global_colors_info=\u00bb{}\u00bb]<\/p>\n<p>En julio, organizamos en Ecuador el <strong>seminario t\u00e9cnico LAC 2023<\/strong> para las 5 oficinas de<strong> INSUCO<\/strong> en Am\u00e9rica Latina y el Caribe.<\/p>\n<p>Estos seminarios t\u00e9cnicos son una oportunidad ideal para que los equipos descansen unos d\u00edas de la formulaci\u00f3n y gesti\u00f3n de proyectos para profundizar en los temas que marcan el presente y el futuro de Insuco. Estos momentos sirven tambi\u00e9n para hacer balance de los aspectos transversales ligados a nuestra actividad (comunicaci\u00f3n, incidencia, innovaci\u00f3n, investigaci\u00f3n-acci\u00f3n) y sobre todo permiten a los equipos conocerse mejor, compartir momentos de trabajo y distensi\u00f3n y reforzar los v\u00ednculos entre los equipos de la regi\u00f3n. Insuco quiere ser un grupo centrado en las personas y en nuestros colaboradores, y estos seminarios son momentos clave para compartir nuestros valores y enriquecer nuestros enfoques.<\/p>\n<p>A trav\u00e9s de estos enriquecedores intercambios, pudimos aprender juntos y definir nuevas perspectivas para <strong>Insuco<\/strong> en t\u00e9rminos de <strong>Gobernanza, Desarrollo Territorial, Di\u00e1logo Multiactores <\/strong>y<strong> Reasentamiento<\/strong>, as\u00ed como nuestros enfoques sociales en materia de adaptaci\u00f3n al cambio clim\u00e1tico, neutralidad de carbono y soluciones basadas en la naturaleza.<\/p>\n<p>Tambi\u00e9n fue una oportunidad para que nuestros equipos reafirmaran su compromiso en su pr\u00e1ctica profesional con la importancia de la <strong>gesti\u00f3n del conocimiento<\/strong> como valor clave de lo que somos y de lo que queremos transmitir desde <strong>Insuco<\/strong> en la construcci\u00f3n de <strong>procesos sostenibles y de alto impacto<\/strong>. El seminario dio lugar a la creaci\u00f3n de una hoja de ruta para la regi\u00f3n en l\u00ednea con nuestra estrategia de grupo hasta 2025.<\/p>\n<p>[\/et_pb_text][\/et_pb_column][\/et_pb_row][\/et_pb_section]<\/p>\n","protected":false},"excerpt":{"rendered":"<p>Organizamos el seminario t\u00e9cnico LAC 2023 para las 5 oficinas de INSUCO en Am\u00e9rica Latina y el Caribe en Ecuador.<\/p>\n","protected":false},"author":9,"featured_media":45362,"comment_status":"closed","ping_status":"open","sticky":false,"template":"","format":"standard","meta":{"_acf_changed":false,"_et_pb_use_builder":"on","_et_pb_old_content":"Organizamos el seminario t\u00e9cnico LAC 2023 para las 5 oficinas de <strong>INSUCO<\/strong> en Am\u00e9rica Latina y el Caribe en Ecuador.\r\n\r\nA trav\u00e9s de talleres y conferencias, los equipos, con su amplia gama de \u00e1reas de especializaci\u00f3n, pudieron compartir sus experiencias y las lecciones aprendidas en los \u00faltimos a\u00f1os en la regi\u00f3n. Estos enriquecedores intercambios nos permitieron aprender juntos y definir nuevas perspectivas para <strong>Insuco<\/strong> en materia de <strong>Gobernanza, Desarrollo Territorial, Di\u00e1logo Multilateral <\/strong>y<strong> Reasentamiento<\/strong>.\r\n\r\nTambi\u00e9n fue una oportunidad para que nuestros equipos reafirmaran su compromiso en su pr\u00e1ctica profesional con la importancia de la gesti\u00f3n del conocimiento como valor clave de lo que somos y de lo que queremos transmitir desde <strong>Insuco<\/strong> en la construcci\u00f3n de p<strong>rocesos sostenibles<\/strong> y de <strong>alto impacto<\/strong>.","_et_gb_content_width":"","footnotes":""},"categories":[191],"tags":[566],"class_list":["post-45366","post","type-post","status-publish","format-standard","has-post-thumbnail","hentry","category-noticias-de-insuco","tag-anciens-articles-avec-builder-es"],"acf":[],"yoast_head":"<!-- This site is optimized with the Yoast SEO plugin v26.0 - https:\/\/yoast.com\/wordpress\/plugins\/seo\/ -->\n<title>Seminario de Am\u00e9rica Latina y el Caribe en Ecuador en julio de 2023 - Insuco<\/title>\n<meta name=\"robots\" content=\"index, follow, max-snippet:-1, max-image-preview:large, max-video-preview:-1\" \/>\n<link rel=\"canonical\" href=\"https:\/\/www.insuco.com\/es\/seminario-de-america-latina-y-el-caribe-en-ecuador\/\" \/>\n<meta property=\"og:locale\" content=\"es_ES\" \/>\n<meta property=\"og:type\" content=\"article\" \/>\n<meta property=\"og:title\" content=\"Seminario de Am\u00e9rica Latina y el Caribe en Ecuador en julio de 2023 - Insuco\" \/>\n<meta property=\"og:description\" content=\"Organizamos el seminario t\u00e9cnico LAC 2023 para las 5 oficinas de INSUCO en Am\u00e9rica Latina y el Caribe en Ecuador.\" \/>\n<meta property=\"og:url\" content=\"https:\/\/www.insuco.com\/es\/seminario-de-america-latina-y-el-caribe-en-ecuador\/\" \/>\n<meta property=\"og:site_name\" content=\"Insuco\" \/>\n<meta property=\"article:published_time\" content=\"2023-07-20T11:25:59+00:00\" \/>\n<meta property=\"article:modified_time\" content=\"2024-02-13T09:00:12+00:00\" \/>\n<meta property=\"og:image\" content=\"https:\/\/www.insuco.com\/wp-content\/uploads\/2023\/08\/MG_6667-scaled-e1692184730115.jpg\" \/>\n\t<meta property=\"og:image:width\" content=\"2000\" \/>\n\t<meta property=\"og:image:height\" content=\"1336\" \/>\n\t<meta property=\"og:image:type\" content=\"image\/jpeg\" \/>\n<meta name=\"author\" content=\"Adminsuco\" \/>\n<meta name=\"twitter:card\" content=\"summary_large_image\" \/>\n<meta name=\"twitter:label1\" content=\"Escrito por\" \/>\n\t<meta name=\"twitter:data1\" content=\"Adminsuco\" \/>\n\t<meta name=\"twitter:label2\" content=\"Tiempo de lectura\" \/>\n\t<meta name=\"twitter:data2\" content=\"2 minutos\" \/>\n<script type=\"application\/ld+json\" class=\"yoast-schema-graph\">{\"@context\":\"https:\/\/schema.org\",\"@graph\":[{\"@type\":\"WebPage\",\"@id\":\"https:\/\/www.insuco.com\/es\/seminario-de-america-latina-y-el-caribe-en-ecuador\/\",\"url\":\"https:\/\/www.insuco.com\/es\/seminario-de-america-latina-y-el-caribe-en-ecuador\/\",\"name\":\"Seminario de Am\u00e9rica Latina y el Caribe en Ecuador en julio de 2023 - Insuco\",\"isPartOf\":{\"@id\":\"https:\/\/www.insuco.com\/es\/#website\"},\"primaryImageOfPage\":{\"@id\":\"https:\/\/www.insuco.com\/es\/seminario-de-america-latina-y-el-caribe-en-ecuador\/#primaryimage\"},\"image\":{\"@id\":\"https:\/\/www.insuco.com\/es\/seminario-de-america-latina-y-el-caribe-en-ecuador\/#primaryimage\"},\"thumbnailUrl\":\"https:\/\/www.insuco.com\/wp-content\/uploads\/2023\/08\/MG_6667-scaled-e1692184730115.jpg\",\"datePublished\":\"2023-07-20T11:25:59+00:00\",\"dateModified\":\"2024-02-13T09:00:12+00:00\",\"author\":{\"@id\":\"https:\/\/www.insuco.com\/es\/#\/schema\/person\/3c72f109959d035ed553aaf9a4f36fb2\"},\"breadcrumb\":{\"@id\":\"https:\/\/www.insuco.com\/es\/seminario-de-america-latina-y-el-caribe-en-ecuador\/#breadcrumb\"},\"inLanguage\":\"es\",\"potentialAction\":[{\"@type\":\"ReadAction\",\"target\":[\"https:\/\/www.insuco.com\/es\/seminario-de-america-latina-y-el-caribe-en-ecuador\/\"]}]},{\"@type\":\"ImageObject\",\"inLanguage\":\"es\",\"@id\":\"https:\/\/www.insuco.com\/es\/seminario-de-america-latina-y-el-caribe-en-ecuador\/#primaryimage\",\"url\":\"https:\/\/www.insuco.com\/wp-content\/uploads\/2023\/08\/MG_6667-scaled-e1692184730115.jpg\",\"contentUrl\":\"https:\/\/www.insuco.com\/wp-content\/uploads\/2023\/08\/MG_6667-scaled-e1692184730115.jpg\",\"width\":2000,\"height\":1336},{\"@type\":\"BreadcrumbList\",\"@id\":\"https:\/\/www.insuco.com\/es\/seminario-de-america-latina-y-el-caribe-en-ecuador\/#breadcrumb\",\"itemListElement\":[{\"@type\":\"ListItem\",\"position\":1,\"name\":\"Accueil\",\"item\":\"https:\/\/www.insuco.com\/es\/\"},{\"@type\":\"ListItem\",\"position\":2,\"name\":\"Seminario de Am\u00e9rica Latina y el Caribe en Ecuador en julio de 2023\"}]},{\"@type\":\"WebSite\",\"@id\":\"https:\/\/www.insuco.com\/es\/#website\",\"url\":\"https:\/\/www.insuco.com\/es\/\",\"name\":\"Insuco\",\"description\":\"Local understanding for sustainable solutions\",\"potentialAction\":[{\"@type\":\"SearchAction\",\"target\":{\"@type\":\"EntryPoint\",\"urlTemplate\":\"https:\/\/www.insuco.com\/es\/?s={search_term_string}\"},\"query-input\":{\"@type\":\"PropertyValueSpecification\",\"valueRequired\":true,\"valueName\":\"search_term_string\"}}],\"inLanguage\":\"es\"},{\"@type\":\"Person\",\"@id\":\"https:\/\/www.insuco.com\/es\/#\/schema\/person\/3c72f109959d035ed553aaf9a4f36fb2\",\"name\":\"Adminsuco\",\"image\":{\"@type\":\"ImageObject\",\"inLanguage\":\"es\",\"@id\":\"https:\/\/www.insuco.com\/es\/#\/schema\/person\/image\/\",\"url\":\"https:\/\/secure.gravatar.com\/avatar\/389ef4ba4632db6dc50909f0557b625d40f4c6e71aeace157847c2ffeafdb58d?s=96&d=mm&r=g\",\"contentUrl\":\"https:\/\/secure.gravatar.com\/avatar\/389ef4ba4632db6dc50909f0557b625d40f4c6e71aeace157847c2ffeafdb58d?s=96&d=mm&r=g\",\"caption\":\"Adminsuco\"}}]}<\/script>\n<!-- \/ Yoast SEO plugin. -->","yoast_head_json":{"title":"Seminario de Am\u00e9rica Latina y el Caribe en Ecuador en julio de 2023 - Insuco","robots":{"index":"index","follow":"follow","max-snippet":"max-snippet:-1","max-image-preview":"max-image-preview:large","max-video-preview":"max-video-preview:-1"},"canonical":"https:\/\/www.insuco.com\/es\/seminario-de-america-latina-y-el-caribe-en-ecuador\/","og_locale":"es_ES","og_type":"article","og_title":"Seminario de Am\u00e9rica Latina y el Caribe en Ecuador en julio de 2023 - Insuco","og_description":"Organizamos el seminario t\u00e9cnico LAC 2023 para las 5 oficinas de INSUCO en Am\u00e9rica Latina y el Caribe en Ecuador.","og_url":"https:\/\/www.insuco.com\/es\/seminario-de-america-latina-y-el-caribe-en-ecuador\/","og_site_name":"Insuco","article_published_time":"2023-07-20T11:25:59+00:00","article_modified_time":"2024-02-13T09:00:12+00:00","og_image":[{"width":2000,"height":1336,"url":"https:\/\/www.insuco.com\/wp-content\/uploads\/2023\/08\/MG_6667-scaled-e1692184730115.jpg","type":"image\/jpeg"}],"author":"Adminsuco","twitter_card":"summary_large_image","twitter_misc":{"Escrito por":"Adminsuco","Tiempo de lectura":"2 minutos"},"schema":{"@context":"https:\/\/schema.org","@graph":[{"@type":"WebPage","@id":"https:\/\/www.insuco.com\/es\/seminario-de-america-latina-y-el-caribe-en-ecuador\/","url":"https:\/\/www.insuco.com\/es\/seminario-de-america-latina-y-el-caribe-en-ecuador\/","name":"Seminario de Am\u00e9rica Latina y el Caribe en Ecuador en julio de 2023 - Insuco","isPartOf":{"@id":"https:\/\/www.insuco.com\/es\/#website"},"primaryImageOfPage":{"@id":"https:\/\/www.insuco.com\/es\/seminario-de-america-latina-y-el-caribe-en-ecuador\/#primaryimage"},"image":{"@id":"https:\/\/www.insuco.com\/es\/seminario-de-america-latina-y-el-caribe-en-ecuador\/#primaryimage"},"thumbnailUrl":"https:\/\/www.insuco.com\/wp-content\/uploads\/2023\/08\/MG_6667-scaled-e1692184730115.jpg","datePublished":"2023-07-20T11:25:59+00:00","dateModified":"2024-02-13T09:00:12+00:00","author":{"@id":"https:\/\/www.insuco.com\/es\/#\/schema\/person\/3c72f109959d035ed553aaf9a4f36fb2"},"breadcrumb":{"@id":"https:\/\/www.insuco.com\/es\/seminario-de-america-latina-y-el-caribe-en-ecuador\/#breadcrumb"},"inLanguage":"es","potentialAction":[{"@type":"ReadAction","target":["https:\/\/www.insuco.com\/es\/seminario-de-america-latina-y-el-caribe-en-ecuador\/"]}]},{"@type":"ImageObject","inLanguage":"es","@id":"https:\/\/www.insuco.com\/es\/seminario-de-america-latina-y-el-caribe-en-ecuador\/#primaryimage","url":"https:\/\/www.insuco.com\/wp-content\/uploads\/2023\/08\/MG_6667-scaled-e1692184730115.jpg","contentUrl":"https:\/\/www.insuco.com\/wp-content\/uploads\/2023\/08\/MG_6667-scaled-e1692184730115.jpg","width":2000,"height":1336},{"@type":"BreadcrumbList","@id":"https:\/\/www.insuco.com\/es\/seminario-de-america-latina-y-el-caribe-en-ecuador\/#breadcrumb","itemListElement":[{"@type":"ListItem","position":1,"name":"Accueil","item":"https:\/\/www.insuco.com\/es\/"},{"@type":"ListItem","position":2,"name":"Seminario de Am\u00e9rica Latina y el Caribe en Ecuador en julio de 2023"}]},{"@type":"WebSite","@id":"https:\/\/www.insuco.com\/es\/#website","url":"https:\/\/www.insuco.com\/es\/","name":"Insuco","description":"Local understanding for sustainable solutions","potentialAction":[{"@type":"SearchAction","target":{"@type":"EntryPoint","urlTemplate":"https:\/\/www.insuco.com\/es\/?s={search_term_string}"},"query-input":{"@type":"PropertyValueSpecification","valueRequired":true,"valueName":"search_term_string"}}],"inLanguage":"es"},{"@type":"Person","@id":"https:\/\/www.insuco.com\/es\/#\/schema\/person\/3c72f109959d035ed553aaf9a4f36fb2","name":"Adminsuco","image":{"@type":"ImageObject","inLanguage":"es","@id":"https:\/\/www.insuco.com\/es\/#\/schema\/person\/image\/","url":"https:\/\/secure.gravatar.com\/avatar\/389ef4ba4632db6dc50909f0557b625d40f4c6e71aeace157847c2ffeafdb58d?s=96&d=mm&r=g","contentUrl":"https:\/\/secure.gravatar.com\/avatar\/389ef4ba4632db6dc50909f0557b625d40f4c6e71aeace157847c2ffeafdb58d?s=96&d=mm&r=g","caption":"Adminsuco"}}]}},"_links":{"self":[{"href":"https:\/\/www.insuco.com\/es\/wp-json\/wp\/v2\/posts\/45366","targetHints":{"allow":["GET"]}}],"collection":[{"href":"https:\/\/www.insuco.com\/es\/wp-json\/wp\/v2\/posts"}],"about":[{"href":"https:\/\/www.insuco.com\/es\/wp-json\/wp\/v2\/types\/post"}],"author":[{"embeddable":true,"href":"https:\/\/www.insuco.com\/es\/wp-json\/wp\/v2\/users\/9"}],"replies":[{"embeddable":true,"href":"https:\/\/www.insuco.com\/es\/wp-json\/wp\/v2\/comments?post=45366"}],"version-history":[{"count":4,"href":"https:\/\/www.insuco.com\/es\/wp-json\/wp\/v2\/posts\/45366\/revisions"}],"predecessor-version":[{"id":45512,"href":"https:\/\/www.insuco.com\/es\/wp-json\/wp\/v2\/posts\/45366\/revisions\/45512"}],"wp:featuredmedia":[{"embeddable":true,"href":"https:\/\/www.insuco.com\/es\/wp-json\/wp\/v2\/media\/45362"}],"wp:attachment":[{"href":"https:\/\/www.insuco.com\/es\/wp-json\/wp\/v2\/media?parent=45366"}],"wp:term":[{"taxonomy":"category","embeddable":true,"href":"https:\/\/www.insuco.com\/es\/wp-json\/wp\/v2\/categories?post=45366"},{"taxonomy":"post_tag","embeddable":true,"href":"https:\/\/www.insuco.com\/es\/wp-json\/wp\/v2\/tags?post=45366"}],"curies":[{"name":"wp","href":"https:\/\/api.w.org\/{rel}","templated":true}]}}