{"id":42475,"date":"2023-01-24T09:00:44","date_gmt":"2023-01-24T08:00:44","guid":{"rendered":"https:\/\/www.insuco.com\/diagnostic-des-capacites-des-ocb-et-oph-pour-care-haiti\/"},"modified":"2024-02-13T10:03:50","modified_gmt":"2024-02-13T09:03:50","slug":"diagnostico-de-capacidades-de-ocb-y-opd-para-care-haiti","status":"publish","type":"post","link":"https:\/\/www.insuco.com\/es\/diagnostico-de-capacidades-de-ocb-y-opd-para-care-haiti\/","title":{"rendered":"Diagn\u00f3stico de capacidades de OCB y OPD para Care Ha\u00efti"},"content":{"rendered":"<p>[et_pb_section fb_built=\u00bb1&#8243; _builder_version=\u00bb4.18.0&#8243; use_background_color_gradient=\u00bbon\u00bb background_color_gradient_stops=\u00bb#00818b 0%|rgba(0,129,139,0.99) 100%\u00bb background_color_gradient_overlays_image=\u00bbon\u00bb background_color_gradient_start=\u00bb#00818b\u00bb background_color_gradient_end=\u00bbrgba(0,129,139,0.99)\u00bb background_image=\u00bbhttps:\/\/www.insuco.com\/wp-content\/uploads\/2019\/04\/insuco-slider2.jpg\u00bb custom_padding=\u00bb65px|0px|23px|0px|false|false\u00bb global_colors_info=\u00bb{}\u00bb][et_pb_row _builder_version=\u00bb4.18.0&#8243; custom_padding=\u00bb27px|0px|0|0px|false|false\u00bb global_colors_info=\u00bb{}\u00bb][et_pb_column type=\u00bb4_4&#8243; _builder_version=\u00bb4.16&#8243; custom_padding=\u00bb|||\u00bb global_colors_info=\u00bb{}\u00bb custom_padding__hover=\u00bb|||\u00bb][et_pb_text _builder_version=\u00bb4.16&#8243; header_font=\u00bb|300|||||||\u00bb header_text_color=\u00bb#ffffff\u00bb header_font_size=\u00bb70px\u00bb header_2_text_color=\u00bb#ffffff\u00bb header_2_font_size=\u00bb60px\u00bb custom_padding=\u00bb|||\u00bb animation_style=\u00bbslide\u00bb animation_direction=\u00bbright\u00bb animation_delay=\u00bb500ms\u00bb header_font_size_tablet=\u00bb\u00bb header_font_size_phone=\u00bb50px\u00bb header_font_size_last_edited=\u00bbon|phone\u00bb z_index_tablet=\u00bb500&#8243; locked=\u00bbon\u00bb global_colors_info=\u00bb{}\u00bb header_2_text_color__hover_enabled=\u00bbon\u00bb header_2_text_color__hover=\u00bb#b1e3e3&#8243;]<\/p>\n<h1>News<\/h1>\n<p>[\/et_pb_text][\/et_pb_column][\/et_pb_row][\/et_pb_section][et_pb_section fb_built=\u00bb1&#8243; _builder_version=\u00bb4.18.0&#8243; custom_padding=\u00bb21px|0px|37px|0px|false|false\u00bb global_colors_info=\u00bb{}\u00bb][et_pb_row _builder_version=\u00bb4.16&#8243; custom_padding=\u00bb||29px|||\u00bb global_colors_info=\u00bb{}\u00bb][et_pb_column type=\u00bb4_4&#8243; _builder_version=\u00bb4.16&#8243; custom_padding=\u00bb|||\u00bb global_colors_info=\u00bb{}\u00bb custom_padding__hover=\u00bb|||\u00bb][et_pb_post_title author=\u00bboff\u00bb date_format=\u00bbM Y\u00bb comments=\u00bboff\u00bb featured_image=\u00bboff\u00bb _builder_version=\u00bb4.16&#8243; title_level=\u00bbh2&#8243; title_font=\u00bb||||||||\u00bb title_text_color=\u00bb#00818b\u00bb title_font_size=\u00bb55px\u00bb title_font_size_tablet=\u00bb\u00bb title_font_size_phone=\u00bb34px\u00bb title_font_size_last_edited=\u00bbon|phone\u00bb locked=\u00bbon\u00bb global_colors_info=\u00bb{}\u00bb][\/et_pb_post_title][\/et_pb_column][\/et_pb_row][et_pb_row column_structure=\u00bb2_5,3_5&#8243; use_custom_gutter=\u00bbon\u00bb _builder_version=\u00bb4.16&#8243; custom_padding=\u00bb0px||34px|||\u00bb global_colors_info=\u00bb{}\u00bb][et_pb_column type=\u00bb2_5&#8243; _builder_version=\u00bb4.16&#8243; custom_padding=\u00bb|||\u00bb global_colors_info=\u00bb{}\u00bb custom_padding__hover=\u00bb|||\u00bb][et_pb_image src=\u00bbhttps:\/\/www.insuco.com\/wp-content\/uploads\/2023\/01\/Diagnostic-des-capacite\u0301s-des-OCB-et-OPH-pour-Care-Hai\u0308ti.jpg\u00bb title_text=\u00bbDiagnostic des capacite\u0301s des OCB et OPH pour Care Hai\u0308ti\u00bb admin_label=\u00bbImage\u00bb _builder_version=\u00bb4.18.0&#8243; _module_preset=\u00bbdefault\u00bb global_colors_info=\u00bb{}\u00bb][\/et_pb_image][\/et_pb_column][et_pb_column type=\u00bb3_5&#8243; _builder_version=\u00bb4.16&#8243; custom_padding=\u00bb|||\u00bb global_colors_info=\u00bb{}\u00bb custom_padding__hover=\u00bb|||\u00bb][et_pb_text admin_label=\u00bbTexte \u00bb _builder_version=\u00bb4.18.0&#8243; hover_enabled=\u00bb0&#8243; global_colors_info=\u00bb{}\u00bb sticky_enabled=\u00bb0&#8243;]<\/p>\n<p>Care Hait\u00ed y el grupo URD lideraron el proyecto Vil Nou Pi B\u00e9l en J\u00e9r\u00e9mie, comuna de Hait\u00ed que est\u00e1 situada en el distrito de J\u00e9r\u00e9mie\u200b del departamento de Grand&#8217;Anse entre 2019 y 2022, en el cual se implement\u00f3 un proceso de fortalecimiento de capacidades, dirigido a Organizaciones Comunitarias de Base (OCB), Organizaciones de Personas con Discapacidad (OPD) y redes de OCB, as\u00ed como a la Asociaci\u00f3n de Alcaldes de Grand&#8217;Anse (AMAGA). Acerc\u00e1ndose al final del proyecto, se identific\u00f3 la importancia de realizar un diagn\u00f3stico de este proceso y proponer recomendaciones para continuar con el proceso de fortalecimiento de capacidades con estas organizaciones. Insuco Hait\u00ed fue seleccionado por llevar a cabo este diagn\u00f3stico de capacidades.<\/p>\n<p>[\/et_pb_text][\/et_pb_column][\/et_pb_row][et_pb_row use_custom_gutter=\u00bbon\u00bb gutter_width=\u00bb2&#8243; _builder_version=\u00bb4.16&#8243; custom_padding=\u00bb0px|||||\u00bb locked=\u00bboff\u00bb collapsed=\u00bboff\u00bb global_colors_info=\u00bb{}\u00bb][et_pb_column type=\u00bb4_4&#8243; _builder_version=\u00bb4.16&#8243; custom_padding=\u00bb|||\u00bb global_colors_info=\u00bb{}\u00bb custom_padding__hover=\u00bb|||\u00bb][et_pb_gallery gallery_ids=\u00bb34683,34689,34686&#8243; posts_number=\u00bb7&#8243; show_title_and_caption=\u00bboff\u00bb show_pagination=\u00bboff\u00bb disabled_on=\u00bbon|on|on\u00bb _builder_version=\u00bb4.16&#8243; disabled=\u00bbon\u00bb locked=\u00bboff\u00bb global_colors_info=\u00bb{}\u00bb][\/et_pb_gallery][\/et_pb_column][\/et_pb_row][\/et_pb_section]<\/p>\n","protected":false},"excerpt":{"rendered":"<p>Care Hait\u00ed y el grupo URD lideraron el proyecto Vil Nou Pi B\u00e9l en J\u00e9r\u00e9mie, entre 2019 y\u00a0&#8230;<\/p>\n","protected":false},"author":9,"featured_media":42467,"comment_status":"closed","ping_status":"open","sticky":false,"template":"","format":"standard","meta":{"_acf_changed":false,"_et_pb_use_builder":"on","_et_pb_old_content":"Guill\u00e9n Calvo (Directeur G\u00e9n\u00e9ral Insuco Am\u00e9rique Latine) \u00e9tait l\u2019un des intervenants dans la formation organis\u00e9e par la Corporation Vivo Cuenca le 14 mai 2019 \u00e0 Manizales, en Colombie. Vivo Cuenca est une ONG financ\u00e9e par diff\u00e9rentes entreprises publiques dans les secteurs de l\u2019eau, de l\u2019\u00e9nergie et de la gestion des d\u00e9chets, qui a pour objectif de promouvoir la conservation et gestion durable du bassin versant du R\u00edo Chinchin\u00e1 \u00e0 travers une approche territoriale.\r\n\r\nLa formation \u00e9tait destin\u00e9e aux diff\u00e9rentes entit\u00e9s publiques, entreprises priv\u00e9es et communaut\u00e9s impliqu\u00e9es dans la gestion du R\u00edo Chinchin\u00e1, et s\u2019est centr\u00e9e sur le sujet de la valorisation du patrimoine bioculturel pour soutenir le d\u00e9veloppement territorial. Nous sommes tr\u00e8s heureux d\u2019avoir pu partager notre exp\u00e9rience sur la Responsabilit\u00e9 Territoriale des Entreprises (RTE) et la gestion territoriale participative, et d\u2019avoir contribu\u00e9 au d\u00e9veloppement de cette initiative innovante, merci encore \u00e0 tous les participants pour ces riches \u00e9changes !","_et_gb_content_width":"","footnotes":""},"categories":[191],"tags":[566],"class_list":["post-42475","post","type-post","status-publish","format-standard","has-post-thumbnail","hentry","category-noticias-de-insuco","tag-anciens-articles-avec-builder-es"],"acf":[],"yoast_head":"<!-- This site is optimized with the Yoast SEO plugin v26.0 - https:\/\/yoast.com\/wordpress\/plugins\/seo\/ -->\n<title>Diagn\u00f3stico de capacidades de OCB y OPD para Care Ha\u00efti - Insuco<\/title>\n<meta name=\"robots\" content=\"index, follow, max-snippet:-1, max-image-preview:large, max-video-preview:-1\" \/>\n<link rel=\"canonical\" href=\"https:\/\/www.insuco.com\/es\/diagnostico-de-capacidades-de-ocb-y-opd-para-care-haiti\/\" \/>\n<meta property=\"og:locale\" content=\"es_ES\" \/>\n<meta property=\"og:type\" content=\"article\" \/>\n<meta property=\"og:title\" content=\"Diagn\u00f3stico de capacidades de OCB y OPD para Care Ha\u00efti - Insuco\" \/>\n<meta property=\"og:description\" content=\"Care Hait\u00ed y el grupo URD lideraron el proyecto Vil Nou Pi B\u00e9l en J\u00e9r\u00e9mie, entre 2019 y\u00a0...\" \/>\n<meta property=\"og:url\" content=\"https:\/\/www.insuco.com\/es\/diagnostico-de-capacidades-de-ocb-y-opd-para-care-haiti\/\" \/>\n<meta property=\"og:site_name\" content=\"Insuco\" \/>\n<meta property=\"article:published_time\" content=\"2023-01-24T08:00:44+00:00\" \/>\n<meta property=\"article:modified_time\" content=\"2024-02-13T09:03:50+00:00\" \/>\n<meta property=\"og:image\" content=\"https:\/\/www.insuco.com\/wp-content\/uploads\/2023\/01\/Diagnostic-des-capacite\u0301s-des-OCB-et-OPH-pour-Care-Hai\u0308ti.jpg\" \/>\n\t<meta property=\"og:image:width\" content=\"833\" \/>\n\t<meta property=\"og:image:height\" content=\"525\" \/>\n\t<meta property=\"og:image:type\" content=\"image\/jpeg\" \/>\n<meta name=\"author\" content=\"Adminsuco\" \/>\n<meta name=\"twitter:card\" content=\"summary_large_image\" \/>\n<meta name=\"twitter:label1\" content=\"Escrito por\" \/>\n\t<meta name=\"twitter:data1\" content=\"Adminsuco\" \/>\n\t<meta name=\"twitter:label2\" content=\"Tiempo de lectura\" \/>\n\t<meta name=\"twitter:data2\" content=\"3 minutos\" \/>\n<script type=\"application\/ld+json\" class=\"yoast-schema-graph\">{\"@context\":\"https:\/\/schema.org\",\"@graph\":[{\"@type\":\"WebPage\",\"@id\":\"https:\/\/www.insuco.com\/es\/diagnostico-de-capacidades-de-ocb-y-opd-para-care-haiti\/\",\"url\":\"https:\/\/www.insuco.com\/es\/diagnostico-de-capacidades-de-ocb-y-opd-para-care-haiti\/\",\"name\":\"Diagn\u00f3stico de capacidades de OCB y OPD para Care Ha\u00efti - Insuco\",\"isPartOf\":{\"@id\":\"https:\/\/www.insuco.com\/es\/#website\"},\"primaryImageOfPage\":{\"@id\":\"https:\/\/www.insuco.com\/es\/diagnostico-de-capacidades-de-ocb-y-opd-para-care-haiti\/#primaryimage\"},\"image\":{\"@id\":\"https:\/\/www.insuco.com\/es\/diagnostico-de-capacidades-de-ocb-y-opd-para-care-haiti\/#primaryimage\"},\"thumbnailUrl\":\"https:\/\/www.insuco.com\/wp-content\/uploads\/2023\/01\/Diagnostic-des-capacite\u0301s-des-OCB-et-OPH-pour-Care-Hai\u0308ti.jpg\",\"datePublished\":\"2023-01-24T08:00:44+00:00\",\"dateModified\":\"2024-02-13T09:03:50+00:00\",\"author\":{\"@id\":\"https:\/\/www.insuco.com\/es\/#\/schema\/person\/3c72f109959d035ed553aaf9a4f36fb2\"},\"breadcrumb\":{\"@id\":\"https:\/\/www.insuco.com\/es\/diagnostico-de-capacidades-de-ocb-y-opd-para-care-haiti\/#breadcrumb\"},\"inLanguage\":\"es\",\"potentialAction\":[{\"@type\":\"ReadAction\",\"target\":[\"https:\/\/www.insuco.com\/es\/diagnostico-de-capacidades-de-ocb-y-opd-para-care-haiti\/\"]}]},{\"@type\":\"ImageObject\",\"inLanguage\":\"es\",\"@id\":\"https:\/\/www.insuco.com\/es\/diagnostico-de-capacidades-de-ocb-y-opd-para-care-haiti\/#primaryimage\",\"url\":\"https:\/\/www.insuco.com\/wp-content\/uploads\/2023\/01\/Diagnostic-des-capacite\u0301s-des-OCB-et-OPH-pour-Care-Hai\u0308ti.jpg\",\"contentUrl\":\"https:\/\/www.insuco.com\/wp-content\/uploads\/2023\/01\/Diagnostic-des-capacite\u0301s-des-OCB-et-OPH-pour-Care-Hai\u0308ti.jpg\",\"width\":833,\"height\":525,\"caption\":\"Care Ha\u00efti et le groupe URD ont men\u00e9 le projet Vil Nou Pi B\u00e9l dans la commune de J\u00e9r\u00e9mie entre 2019 et 2022. \u00c0 travers ce projet, a \u00e9t\u00e9 mis en \u0153uvre un processus de renforcement des capacit\u00e9s \u00e0 destination d\u2019Organisations Communautaires de Base (OCB), d\u2019Organisations de Personnes Handicap\u00e9es (OPH), de r\u00e9seaux d\u2019OCB ainsi qu\u2019aupr\u00e8s de l\u2019Association des Maires de la Grand\u2019Anse (AMAGA). La fin du projet approchant, il fut n\u00e9cessaire de r\u00e9aliser un \u00e9tat-des-lieux de ce processus au travers d\u2019un diagnostic des comp\u00e9tences acquises par les organisations soutenues. Il s\u2019agissait aussi de pr\u00e9senter des recommandations pour poursuivre le processus de renforcement de capacit\u00e9s. Insuco Ha\u00efti a \u00e9t\u00e9 mandat\u00e9 pour r\u00e9aliser ce diagnostic de capacit\u00e9s aupr\u00e8s des diff\u00e9rentes organisations soutenues par le projet de Care Ha\u00efti\"},{\"@type\":\"BreadcrumbList\",\"@id\":\"https:\/\/www.insuco.com\/es\/diagnostico-de-capacidades-de-ocb-y-opd-para-care-haiti\/#breadcrumb\",\"itemListElement\":[{\"@type\":\"ListItem\",\"position\":1,\"name\":\"Accueil\",\"item\":\"https:\/\/www.insuco.com\/es\/\"},{\"@type\":\"ListItem\",\"position\":2,\"name\":\"Diagn\u00f3stico de capacidades de OCB y OPD para Care Ha\u00efti\"}]},{\"@type\":\"WebSite\",\"@id\":\"https:\/\/www.insuco.com\/es\/#website\",\"url\":\"https:\/\/www.insuco.com\/es\/\",\"name\":\"Insuco\",\"description\":\"Local understanding for sustainable solutions\",\"potentialAction\":[{\"@type\":\"SearchAction\",\"target\":{\"@type\":\"EntryPoint\",\"urlTemplate\":\"https:\/\/www.insuco.com\/es\/?s={search_term_string}\"},\"query-input\":{\"@type\":\"PropertyValueSpecification\",\"valueRequired\":true,\"valueName\":\"search_term_string\"}}],\"inLanguage\":\"es\"},{\"@type\":\"Person\",\"@id\":\"https:\/\/www.insuco.com\/es\/#\/schema\/person\/3c72f109959d035ed553aaf9a4f36fb2\",\"name\":\"Adminsuco\",\"image\":{\"@type\":\"ImageObject\",\"inLanguage\":\"es\",\"@id\":\"https:\/\/www.insuco.com\/es\/#\/schema\/person\/image\/\",\"url\":\"https:\/\/secure.gravatar.com\/avatar\/389ef4ba4632db6dc50909f0557b625d40f4c6e71aeace157847c2ffeafdb58d?s=96&d=mm&r=g\",\"contentUrl\":\"https:\/\/secure.gravatar.com\/avatar\/389ef4ba4632db6dc50909f0557b625d40f4c6e71aeace157847c2ffeafdb58d?s=96&d=mm&r=g\",\"caption\":\"Adminsuco\"}}]}<\/script>\n<!-- \/ Yoast SEO plugin. -->","yoast_head_json":{"title":"Diagn\u00f3stico de capacidades de OCB y OPD para Care Ha\u00efti - Insuco","robots":{"index":"index","follow":"follow","max-snippet":"max-snippet:-1","max-image-preview":"max-image-preview:large","max-video-preview":"max-video-preview:-1"},"canonical":"https:\/\/www.insuco.com\/es\/diagnostico-de-capacidades-de-ocb-y-opd-para-care-haiti\/","og_locale":"es_ES","og_type":"article","og_title":"Diagn\u00f3stico de capacidades de OCB y OPD para Care Ha\u00efti - Insuco","og_description":"Care Hait\u00ed y el grupo URD lideraron el proyecto Vil Nou Pi B\u00e9l en J\u00e9r\u00e9mie, entre 2019 y\u00a0...","og_url":"https:\/\/www.insuco.com\/es\/diagnostico-de-capacidades-de-ocb-y-opd-para-care-haiti\/","og_site_name":"Insuco","article_published_time":"2023-01-24T08:00:44+00:00","article_modified_time":"2024-02-13T09:03:50+00:00","og_image":[{"width":833,"height":525,"url":"https:\/\/www.insuco.com\/wp-content\/uploads\/2023\/01\/Diagnostic-des-capacite\u0301s-des-OCB-et-OPH-pour-Care-Hai\u0308ti.jpg","type":"image\/jpeg"}],"author":"Adminsuco","twitter_card":"summary_large_image","twitter_misc":{"Escrito por":"Adminsuco","Tiempo de lectura":"3 minutos"},"schema":{"@context":"https:\/\/schema.org","@graph":[{"@type":"WebPage","@id":"https:\/\/www.insuco.com\/es\/diagnostico-de-capacidades-de-ocb-y-opd-para-care-haiti\/","url":"https:\/\/www.insuco.com\/es\/diagnostico-de-capacidades-de-ocb-y-opd-para-care-haiti\/","name":"Diagn\u00f3stico de capacidades de OCB y OPD para Care Ha\u00efti - Insuco","isPartOf":{"@id":"https:\/\/www.insuco.com\/es\/#website"},"primaryImageOfPage":{"@id":"https:\/\/www.insuco.com\/es\/diagnostico-de-capacidades-de-ocb-y-opd-para-care-haiti\/#primaryimage"},"image":{"@id":"https:\/\/www.insuco.com\/es\/diagnostico-de-capacidades-de-ocb-y-opd-para-care-haiti\/#primaryimage"},"thumbnailUrl":"https:\/\/www.insuco.com\/wp-content\/uploads\/2023\/01\/Diagnostic-des-capacite\u0301s-des-OCB-et-OPH-pour-Care-Hai\u0308ti.jpg","datePublished":"2023-01-24T08:00:44+00:00","dateModified":"2024-02-13T09:03:50+00:00","author":{"@id":"https:\/\/www.insuco.com\/es\/#\/schema\/person\/3c72f109959d035ed553aaf9a4f36fb2"},"breadcrumb":{"@id":"https:\/\/www.insuco.com\/es\/diagnostico-de-capacidades-de-ocb-y-opd-para-care-haiti\/#breadcrumb"},"inLanguage":"es","potentialAction":[{"@type":"ReadAction","target":["https:\/\/www.insuco.com\/es\/diagnostico-de-capacidades-de-ocb-y-opd-para-care-haiti\/"]}]},{"@type":"ImageObject","inLanguage":"es","@id":"https:\/\/www.insuco.com\/es\/diagnostico-de-capacidades-de-ocb-y-opd-para-care-haiti\/#primaryimage","url":"https:\/\/www.insuco.com\/wp-content\/uploads\/2023\/01\/Diagnostic-des-capacite\u0301s-des-OCB-et-OPH-pour-Care-Hai\u0308ti.jpg","contentUrl":"https:\/\/www.insuco.com\/wp-content\/uploads\/2023\/01\/Diagnostic-des-capacite\u0301s-des-OCB-et-OPH-pour-Care-Hai\u0308ti.jpg","width":833,"height":525,"caption":"Care Ha\u00efti et le groupe URD ont men\u00e9 le projet Vil Nou Pi B\u00e9l dans la commune de J\u00e9r\u00e9mie entre 2019 et 2022. \u00c0 travers ce projet, a \u00e9t\u00e9 mis en \u0153uvre un processus de renforcement des capacit\u00e9s \u00e0 destination d\u2019Organisations Communautaires de Base (OCB), d\u2019Organisations de Personnes Handicap\u00e9es (OPH), de r\u00e9seaux d\u2019OCB ainsi qu\u2019aupr\u00e8s de l\u2019Association des Maires de la Grand\u2019Anse (AMAGA). La fin du projet approchant, il fut n\u00e9cessaire de r\u00e9aliser un \u00e9tat-des-lieux de ce processus au travers d\u2019un diagnostic des comp\u00e9tences acquises par les organisations soutenues. Il s\u2019agissait aussi de pr\u00e9senter des recommandations pour poursuivre le processus de renforcement de capacit\u00e9s. Insuco Ha\u00efti a \u00e9t\u00e9 mandat\u00e9 pour r\u00e9aliser ce diagnostic de capacit\u00e9s aupr\u00e8s des diff\u00e9rentes organisations soutenues par le projet de Care Ha\u00efti"},{"@type":"BreadcrumbList","@id":"https:\/\/www.insuco.com\/es\/diagnostico-de-capacidades-de-ocb-y-opd-para-care-haiti\/#breadcrumb","itemListElement":[{"@type":"ListItem","position":1,"name":"Accueil","item":"https:\/\/www.insuco.com\/es\/"},{"@type":"ListItem","position":2,"name":"Diagn\u00f3stico de capacidades de OCB y OPD para Care Ha\u00efti"}]},{"@type":"WebSite","@id":"https:\/\/www.insuco.com\/es\/#website","url":"https:\/\/www.insuco.com\/es\/","name":"Insuco","description":"Local understanding for sustainable solutions","potentialAction":[{"@type":"SearchAction","target":{"@type":"EntryPoint","urlTemplate":"https:\/\/www.insuco.com\/es\/?s={search_term_string}"},"query-input":{"@type":"PropertyValueSpecification","valueRequired":true,"valueName":"search_term_string"}}],"inLanguage":"es"},{"@type":"Person","@id":"https:\/\/www.insuco.com\/es\/#\/schema\/person\/3c72f109959d035ed553aaf9a4f36fb2","name":"Adminsuco","image":{"@type":"ImageObject","inLanguage":"es","@id":"https:\/\/www.insuco.com\/es\/#\/schema\/person\/image\/","url":"https:\/\/secure.gravatar.com\/avatar\/389ef4ba4632db6dc50909f0557b625d40f4c6e71aeace157847c2ffeafdb58d?s=96&d=mm&r=g","contentUrl":"https:\/\/secure.gravatar.com\/avatar\/389ef4ba4632db6dc50909f0557b625d40f4c6e71aeace157847c2ffeafdb58d?s=96&d=mm&r=g","caption":"Adminsuco"}}]}},"_links":{"self":[{"href":"https:\/\/www.insuco.com\/es\/wp-json\/wp\/v2\/posts\/42475","targetHints":{"allow":["GET"]}}],"collection":[{"href":"https:\/\/www.insuco.com\/es\/wp-json\/wp\/v2\/posts"}],"about":[{"href":"https:\/\/www.insuco.com\/es\/wp-json\/wp\/v2\/types\/post"}],"author":[{"embeddable":true,"href":"https:\/\/www.insuco.com\/es\/wp-json\/wp\/v2\/users\/9"}],"replies":[{"embeddable":true,"href":"https:\/\/www.insuco.com\/es\/wp-json\/wp\/v2\/comments?post=42475"}],"version-history":[{"count":6,"href":"https:\/\/www.insuco.com\/es\/wp-json\/wp\/v2\/posts\/42475\/revisions"}],"predecessor-version":[{"id":42504,"href":"https:\/\/www.insuco.com\/es\/wp-json\/wp\/v2\/posts\/42475\/revisions\/42504"}],"wp:featuredmedia":[{"embeddable":true,"href":"https:\/\/www.insuco.com\/es\/wp-json\/wp\/v2\/media\/42467"}],"wp:attachment":[{"href":"https:\/\/www.insuco.com\/es\/wp-json\/wp\/v2\/media?parent=42475"}],"wp:term":[{"taxonomy":"category","embeddable":true,"href":"https:\/\/www.insuco.com\/es\/wp-json\/wp\/v2\/categories?post=42475"},{"taxonomy":"post_tag","embeddable":true,"href":"https:\/\/www.insuco.com\/es\/wp-json\/wp\/v2\/tags?post=42475"}],"curies":[{"name":"wp","href":"https:\/\/api.w.org\/{rel}","templated":true}]}}