{"id":40599,"date":"2022-09-20T11:50:48","date_gmt":"2022-09-20T09:50:48","guid":{"rendered":"https:\/\/www.insuco.com\/insuco-realise-des-etudes-dimpact-environnemental-et-social-pour-un-projet-de-construction-et-dexploitation-de-centrales-photovoltaiques-au-benin\/"},"modified":"2024-02-13T10:04:25","modified_gmt":"2024-02-13T09:04:25","slug":"insuco-ha-realizado-estudios-de-impacto-ambiental-y-social-para-un-proyecto-de-construccion-y-explotacion-de-centrales-fotovoltaicas-en-benin","status":"publish","type":"post","link":"https:\/\/www.insuco.com\/es\/insuco-ha-realizado-estudios-de-impacto-ambiental-y-social-para-un-proyecto-de-construccion-y-explotacion-de-centrales-fotovoltaicas-en-benin\/","title":{"rendered":"INSUCO ha realizado estudios de impacto ambiental y social para un proyecto de construcci\u00f3n y explotaci\u00f3n de centrales fotovoltaicas en Ben\u00edn"},"content":{"rendered":"<p>[et_pb_section fb_built=\u00bb1&#8243; _builder_version=\u00bb4.10.8&#8243; use_background_color_gradient=\u00bbon\u00bb background_color_gradient_start=\u00bb#00818b\u00bb background_color_gradient_end=\u00bbrgba(0,129,139,0.99)\u00bb background_color_gradient_overlays_image=\u00bbon\u00bb background_image=\u00bbhttps:\/\/www.insuco.com\/wp-content\/uploads\/2019\/04\/insuco-slider2.jpg\u00bb custom_padding=\u00bb65px|0px|23px|0px|false|false\u00bb global_colors_info=\u00bb{}\u00bb][et_pb_row _builder_version=\u00bb3.25&#8243; custom_padding=\u00bb27px|0px|0|0px|false|false\u00bb global_colors_info=\u00bb{}\u00bb][et_pb_column type=\u00bb4_4&#8243; _builder_version=\u00bb3.25&#8243; custom_padding=\u00bb|||\u00bb global_colors_info=\u00bb{}\u00bb custom_padding__hover=\u00bb|||\u00bb][et_pb_text _builder_version=\u00bb3.27.4&#8243; header_font=\u00bb|300|||||||\u00bb header_text_color=\u00bb#ffffff\u00bb header_font_size=\u00bb70px\u00bb header_2_text_color=\u00bb#ffffff\u00bb header_2_font_size=\u00bb60px\u00bb custom_padding=\u00bb|||\u00bb animation_style=\u00bbslide\u00bb animation_direction=\u00bbright\u00bb animation_delay=\u00bb500ms\u00bb header_font_size_tablet=\u00bb\u00bb header_font_size_phone=\u00bb50px\u00bb header_font_size_last_edited=\u00bbon|phone\u00bb z_index_tablet=\u00bb500&#8243; locked=\u00bbon\u00bb global_colors_info=\u00bb{}\u00bb header_2_text_color__hover_enabled=\u00bbon\u00bb header_2_text_color__hover=\u00bb#b1e3e3&#8243;]<\/p>\n<h1>News<\/h1>\n<p>[\/et_pb_text][\/et_pb_column][\/et_pb_row][\/et_pb_section][et_pb_section fb_built=\u00bb1&#8243; _builder_version=\u00bb4.10.8&#8243; custom_padding=\u00bb21px|0px|37px|0px|false|false\u00bb global_colors_info=\u00bb{}\u00bb][et_pb_row _builder_version=\u00bb3.25&#8243; custom_padding=\u00bb||29px|||\u00bb global_colors_info=\u00bb{}\u00bb][et_pb_column type=\u00bb4_4&#8243; _builder_version=\u00bb3.25&#8243; custom_padding=\u00bb|||\u00bb global_colors_info=\u00bb{}\u00bb custom_padding__hover=\u00bb|||\u00bb][et_pb_post_title author=\u00bboff\u00bb date_format=\u00bbM Y\u00bb comments=\u00bboff\u00bb featured_image=\u00bboff\u00bb _builder_version=\u00bb3.26&#8243; title_level=\u00bbh2&#8243; title_font=\u00bb||||||||\u00bb title_text_color=\u00bb#00818b\u00bb title_font_size=\u00bb55px\u00bb title_font_size_tablet=\u00bb\u00bb title_font_size_phone=\u00bb34px\u00bb title_font_size_last_edited=\u00bbon|phone\u00bb locked=\u00bbon\u00bb global_colors_info=\u00bb{}\u00bb][\/et_pb_post_title][\/et_pb_column][\/et_pb_row][et_pb_row column_structure=\u00bb2_5,3_5&#8243; use_custom_gutter=\u00bbon\u00bb _builder_version=\u00bb3.25&#8243; custom_padding=\u00bb0px||34px|||\u00bb global_colors_info=\u00bb{}\u00bb][et_pb_column type=\u00bb2_5&#8243; _builder_version=\u00bb3.25&#8243; custom_padding=\u00bb|||\u00bb global_colors_info=\u00bb{}\u00bb custom_padding__hover=\u00bb|||\u00bb][et_pb_image src=\u00bbhttps:\/\/www.insuco.com\/wp-content\/uploads\/2022\/09\/Benin.png\u00bb title_text=\u00bbB\u00e9nin\u00bb _builder_version=\u00bb4.10.8&#8243; _module_preset=\u00bbdefault\u00bb global_colors_info=\u00bb{}\u00bb][\/et_pb_image][\/et_pb_column][et_pb_column type=\u00bb3_5&#8243; _builder_version=\u00bb3.25&#8243; custom_padding=\u00bb|||\u00bb global_colors_info=\u00bb{}\u00bb custom_padding__hover=\u00bb|||\u00bb][et_pb_text admin_label=\u00bbTexte \u00bb _builder_version=\u00bb4.10.8&#8243; global_colors_info=\u00bb{}\u00bb]<\/p>\n<p>Mejorar la producci\u00f3n de energ\u00eda en Ben\u00edn al tiempo que se minimizan los impactos sociales y medioambientales, este es el desaf\u00edo que afronta el consorcio GreenYellow-Egnon Consulting en su proyecto de construcci\u00f3n y explotaci\u00f3n de cuatro centrales fotovoltaicas.<\/p>\n<p>Insuco se moviliz\u00f3 para realizar, en colaboraci\u00f3n con su socio ORYX EXPERTISE, los cuatro estudios de impacto ambiental y social de este proyecto. Nuestros equipos han realizado consultas, entrevistas y encuestas para informar a las partes interesadas locales del Proyecto, as\u00ed como para identificar y evaluar de manera participativa los impactos potenciales de este proyecto y las medidas que deben ser implementadas para evitarlos, Reducirlos o compensarlos.<\/p>\n<p>[\/et_pb_text][\/et_pb_column][\/et_pb_row][et_pb_row use_custom_gutter=\u00bbon\u00bb gutter_width=\u00bb2&#8243; _builder_version=\u00bb3.25&#8243; custom_padding=\u00bb0px|||||\u00bb locked=\u00bboff\u00bb global_colors_info=\u00bb{}\u00bb][et_pb_column type=\u00bb4_4&#8243; _builder_version=\u00bb3.25&#8243; custom_padding=\u00bb|||\u00bb global_colors_info=\u00bb{}\u00bb custom_padding__hover=\u00bb|||\u00bb][et_pb_gallery gallery_ids=\u00bb34683,34689,34686&#8243; posts_number=\u00bb7&#8243; show_title_and_caption=\u00bboff\u00bb show_pagination=\u00bboff\u00bb disabled_on=\u00bbon|on|on\u00bb _builder_version=\u00bb4.10.8&#8243; disabled=\u00bbon\u00bb locked=\u00bboff\u00bb global_colors_info=\u00bb{}\u00bb][\/et_pb_gallery][\/et_pb_column][\/et_pb_row][\/et_pb_section]<\/p>\n","protected":false},"excerpt":{"rendered":"<p>Insuco se moviliz\u00f3 para realizar cuatro estudios de impacto ambiental y social&#8230;<\/p>\n","protected":false},"author":9,"featured_media":40591,"comment_status":"closed","ping_status":"open","sticky":false,"template":"","format":"standard","meta":{"_acf_changed":false,"_et_pb_use_builder":"on","_et_pb_old_content":"Guill\u00e9n Calvo (Directeur G\u00e9n\u00e9ral Insuco Am\u00e9rique Latine) \u00e9tait l\u2019un des intervenants dans la formation organis\u00e9e par la Corporation Vivo Cuenca le 14 mai 2019 \u00e0 Manizales, en Colombie. Vivo Cuenca est une ONG financ\u00e9e par diff\u00e9rentes entreprises publiques dans les secteurs de l\u2019eau, de l\u2019\u00e9nergie et de la gestion des d\u00e9chets, qui a pour objectif de promouvoir la conservation et gestion durable du bassin versant du R\u00edo Chinchin\u00e1 \u00e0 travers une approche territoriale.\r\n\r\nLa formation \u00e9tait destin\u00e9e aux diff\u00e9rentes entit\u00e9s publiques, entreprises priv\u00e9es et communaut\u00e9s impliqu\u00e9es dans la gestion du R\u00edo Chinchin\u00e1, et s\u2019est centr\u00e9e sur le sujet de la valorisation du patrimoine bioculturel pour soutenir le d\u00e9veloppement territorial. Nous sommes tr\u00e8s heureux d\u2019avoir pu partager notre exp\u00e9rience sur la Responsabilit\u00e9 Territoriale des Entreprises (RTE) et la gestion territoriale participative, et d\u2019avoir contribu\u00e9 au d\u00e9veloppement de cette initiative innovante, merci encore \u00e0 tous les participants pour ces riches \u00e9changes !","_et_gb_content_width":"","footnotes":""},"categories":[191],"tags":[566],"class_list":["post-40599","post","type-post","status-publish","format-standard","has-post-thumbnail","hentry","category-noticias-de-insuco","tag-anciens-articles-avec-builder-es"],"acf":[],"yoast_head":"<!-- This site is optimized with the Yoast SEO plugin v26.0 - https:\/\/yoast.com\/wordpress\/plugins\/seo\/ -->\n<title>INSUCO ha realizado estudios de impacto ambiental y social para un proyecto de construcci\u00f3n y explotaci\u00f3n de centrales fotovoltaicas en Ben\u00edn - Insuco<\/title>\n<meta name=\"robots\" content=\"index, follow, max-snippet:-1, max-image-preview:large, max-video-preview:-1\" \/>\n<link rel=\"canonical\" href=\"https:\/\/www.insuco.com\/es\/insuco-ha-realizado-estudios-de-impacto-ambiental-y-social-para-un-proyecto-de-construccion-y-explotacion-de-centrales-fotovoltaicas-en-benin\/\" \/>\n<meta property=\"og:locale\" content=\"es_ES\" \/>\n<meta property=\"og:type\" content=\"article\" \/>\n<meta property=\"og:title\" content=\"INSUCO ha realizado estudios de impacto ambiental y social para un proyecto de construcci\u00f3n y explotaci\u00f3n de centrales fotovoltaicas en Ben\u00edn - Insuco\" \/>\n<meta property=\"og:description\" content=\"Insuco se moviliz\u00f3 para realizar cuatro estudios de impacto ambiental y social...\" \/>\n<meta property=\"og:url\" content=\"https:\/\/www.insuco.com\/es\/insuco-ha-realizado-estudios-de-impacto-ambiental-y-social-para-un-proyecto-de-construccion-y-explotacion-de-centrales-fotovoltaicas-en-benin\/\" \/>\n<meta property=\"og:site_name\" content=\"Insuco\" \/>\n<meta property=\"article:published_time\" content=\"2022-09-20T09:50:48+00:00\" \/>\n<meta property=\"article:modified_time\" content=\"2024-02-13T09:04:25+00:00\" \/>\n<meta property=\"og:image\" content=\"https:\/\/www.insuco.com\/wp-content\/uploads\/2022\/09\/Benin-2.png\" \/>\n\t<meta property=\"og:image:width\" content=\"770\" \/>\n\t<meta property=\"og:image:height\" content=\"338\" \/>\n\t<meta property=\"og:image:type\" content=\"image\/png\" \/>\n<meta name=\"author\" content=\"Adminsuco\" \/>\n<meta name=\"twitter:card\" content=\"summary_large_image\" \/>\n<meta name=\"twitter:label1\" content=\"Escrito por\" \/>\n\t<meta name=\"twitter:data1\" content=\"Adminsuco\" \/>\n\t<meta name=\"twitter:label2\" content=\"Tiempo de lectura\" \/>\n\t<meta name=\"twitter:data2\" content=\"3 minutos\" \/>\n<script type=\"application\/ld+json\" class=\"yoast-schema-graph\">{\"@context\":\"https:\/\/schema.org\",\"@graph\":[{\"@type\":\"WebPage\",\"@id\":\"https:\/\/www.insuco.com\/es\/insuco-ha-realizado-estudios-de-impacto-ambiental-y-social-para-un-proyecto-de-construccion-y-explotacion-de-centrales-fotovoltaicas-en-benin\/\",\"url\":\"https:\/\/www.insuco.com\/es\/insuco-ha-realizado-estudios-de-impacto-ambiental-y-social-para-un-proyecto-de-construccion-y-explotacion-de-centrales-fotovoltaicas-en-benin\/\",\"name\":\"INSUCO ha realizado estudios de impacto ambiental y social para un proyecto de construcci\u00f3n y explotaci\u00f3n de centrales fotovoltaicas en Ben\u00edn - Insuco\",\"isPartOf\":{\"@id\":\"https:\/\/www.insuco.com\/es\/#website\"},\"primaryImageOfPage\":{\"@id\":\"https:\/\/www.insuco.com\/es\/insuco-ha-realizado-estudios-de-impacto-ambiental-y-social-para-un-proyecto-de-construccion-y-explotacion-de-centrales-fotovoltaicas-en-benin\/#primaryimage\"},\"image\":{\"@id\":\"https:\/\/www.insuco.com\/es\/insuco-ha-realizado-estudios-de-impacto-ambiental-y-social-para-un-proyecto-de-construccion-y-explotacion-de-centrales-fotovoltaicas-en-benin\/#primaryimage\"},\"thumbnailUrl\":\"https:\/\/www.insuco.com\/wp-content\/uploads\/2022\/09\/Benin-2.png\",\"datePublished\":\"2022-09-20T09:50:48+00:00\",\"dateModified\":\"2024-02-13T09:04:25+00:00\",\"author\":{\"@id\":\"https:\/\/www.insuco.com\/es\/#\/schema\/person\/3c72f109959d035ed553aaf9a4f36fb2\"},\"breadcrumb\":{\"@id\":\"https:\/\/www.insuco.com\/es\/insuco-ha-realizado-estudios-de-impacto-ambiental-y-social-para-un-proyecto-de-construccion-y-explotacion-de-centrales-fotovoltaicas-en-benin\/#breadcrumb\"},\"inLanguage\":\"es\",\"potentialAction\":[{\"@type\":\"ReadAction\",\"target\":[\"https:\/\/www.insuco.com\/es\/insuco-ha-realizado-estudios-de-impacto-ambiental-y-social-para-un-proyecto-de-construccion-y-explotacion-de-centrales-fotovoltaicas-en-benin\/\"]}]},{\"@type\":\"ImageObject\",\"inLanguage\":\"es\",\"@id\":\"https:\/\/www.insuco.com\/es\/insuco-ha-realizado-estudios-de-impacto-ambiental-y-social-para-un-proyecto-de-construccion-y-explotacion-de-centrales-fotovoltaicas-en-benin\/#primaryimage\",\"url\":\"https:\/\/www.insuco.com\/wp-content\/uploads\/2022\/09\/Benin-2.png\",\"contentUrl\":\"https:\/\/www.insuco.com\/wp-content\/uploads\/2022\/09\/Benin-2.png\",\"width\":770,\"height\":338},{\"@type\":\"BreadcrumbList\",\"@id\":\"https:\/\/www.insuco.com\/es\/insuco-ha-realizado-estudios-de-impacto-ambiental-y-social-para-un-proyecto-de-construccion-y-explotacion-de-centrales-fotovoltaicas-en-benin\/#breadcrumb\",\"itemListElement\":[{\"@type\":\"ListItem\",\"position\":1,\"name\":\"Accueil\",\"item\":\"https:\/\/www.insuco.com\/es\/\"},{\"@type\":\"ListItem\",\"position\":2,\"name\":\"INSUCO ha realizado estudios de impacto ambiental y social para un proyecto de construcci\u00f3n y explotaci\u00f3n de centrales fotovoltaicas en Ben\u00edn\"}]},{\"@type\":\"WebSite\",\"@id\":\"https:\/\/www.insuco.com\/es\/#website\",\"url\":\"https:\/\/www.insuco.com\/es\/\",\"name\":\"Insuco\",\"description\":\"Local understanding for sustainable solutions\",\"potentialAction\":[{\"@type\":\"SearchAction\",\"target\":{\"@type\":\"EntryPoint\",\"urlTemplate\":\"https:\/\/www.insuco.com\/es\/?s={search_term_string}\"},\"query-input\":{\"@type\":\"PropertyValueSpecification\",\"valueRequired\":true,\"valueName\":\"search_term_string\"}}],\"inLanguage\":\"es\"},{\"@type\":\"Person\",\"@id\":\"https:\/\/www.insuco.com\/es\/#\/schema\/person\/3c72f109959d035ed553aaf9a4f36fb2\",\"name\":\"Adminsuco\",\"image\":{\"@type\":\"ImageObject\",\"inLanguage\":\"es\",\"@id\":\"https:\/\/www.insuco.com\/es\/#\/schema\/person\/image\/\",\"url\":\"https:\/\/secure.gravatar.com\/avatar\/389ef4ba4632db6dc50909f0557b625d40f4c6e71aeace157847c2ffeafdb58d?s=96&d=mm&r=g\",\"contentUrl\":\"https:\/\/secure.gravatar.com\/avatar\/389ef4ba4632db6dc50909f0557b625d40f4c6e71aeace157847c2ffeafdb58d?s=96&d=mm&r=g\",\"caption\":\"Adminsuco\"}}]}<\/script>\n<!-- \/ Yoast SEO plugin. -->","yoast_head_json":{"title":"INSUCO ha realizado estudios de impacto ambiental y social para un proyecto de construcci\u00f3n y explotaci\u00f3n de centrales fotovoltaicas en Ben\u00edn - Insuco","robots":{"index":"index","follow":"follow","max-snippet":"max-snippet:-1","max-image-preview":"max-image-preview:large","max-video-preview":"max-video-preview:-1"},"canonical":"https:\/\/www.insuco.com\/es\/insuco-ha-realizado-estudios-de-impacto-ambiental-y-social-para-un-proyecto-de-construccion-y-explotacion-de-centrales-fotovoltaicas-en-benin\/","og_locale":"es_ES","og_type":"article","og_title":"INSUCO ha realizado estudios de impacto ambiental y social para un proyecto de construcci\u00f3n y explotaci\u00f3n de centrales fotovoltaicas en Ben\u00edn - Insuco","og_description":"Insuco se moviliz\u00f3 para realizar cuatro estudios de impacto ambiental y social...","og_url":"https:\/\/www.insuco.com\/es\/insuco-ha-realizado-estudios-de-impacto-ambiental-y-social-para-un-proyecto-de-construccion-y-explotacion-de-centrales-fotovoltaicas-en-benin\/","og_site_name":"Insuco","article_published_time":"2022-09-20T09:50:48+00:00","article_modified_time":"2024-02-13T09:04:25+00:00","og_image":[{"width":770,"height":338,"url":"https:\/\/www.insuco.com\/wp-content\/uploads\/2022\/09\/Benin-2.png","type":"image\/png"}],"author":"Adminsuco","twitter_card":"summary_large_image","twitter_misc":{"Escrito por":"Adminsuco","Tiempo de lectura":"3 minutos"},"schema":{"@context":"https:\/\/schema.org","@graph":[{"@type":"WebPage","@id":"https:\/\/www.insuco.com\/es\/insuco-ha-realizado-estudios-de-impacto-ambiental-y-social-para-un-proyecto-de-construccion-y-explotacion-de-centrales-fotovoltaicas-en-benin\/","url":"https:\/\/www.insuco.com\/es\/insuco-ha-realizado-estudios-de-impacto-ambiental-y-social-para-un-proyecto-de-construccion-y-explotacion-de-centrales-fotovoltaicas-en-benin\/","name":"INSUCO ha realizado estudios de impacto ambiental y social para un proyecto de construcci\u00f3n y explotaci\u00f3n de centrales fotovoltaicas en Ben\u00edn - Insuco","isPartOf":{"@id":"https:\/\/www.insuco.com\/es\/#website"},"primaryImageOfPage":{"@id":"https:\/\/www.insuco.com\/es\/insuco-ha-realizado-estudios-de-impacto-ambiental-y-social-para-un-proyecto-de-construccion-y-explotacion-de-centrales-fotovoltaicas-en-benin\/#primaryimage"},"image":{"@id":"https:\/\/www.insuco.com\/es\/insuco-ha-realizado-estudios-de-impacto-ambiental-y-social-para-un-proyecto-de-construccion-y-explotacion-de-centrales-fotovoltaicas-en-benin\/#primaryimage"},"thumbnailUrl":"https:\/\/www.insuco.com\/wp-content\/uploads\/2022\/09\/Benin-2.png","datePublished":"2022-09-20T09:50:48+00:00","dateModified":"2024-02-13T09:04:25+00:00","author":{"@id":"https:\/\/www.insuco.com\/es\/#\/schema\/person\/3c72f109959d035ed553aaf9a4f36fb2"},"breadcrumb":{"@id":"https:\/\/www.insuco.com\/es\/insuco-ha-realizado-estudios-de-impacto-ambiental-y-social-para-un-proyecto-de-construccion-y-explotacion-de-centrales-fotovoltaicas-en-benin\/#breadcrumb"},"inLanguage":"es","potentialAction":[{"@type":"ReadAction","target":["https:\/\/www.insuco.com\/es\/insuco-ha-realizado-estudios-de-impacto-ambiental-y-social-para-un-proyecto-de-construccion-y-explotacion-de-centrales-fotovoltaicas-en-benin\/"]}]},{"@type":"ImageObject","inLanguage":"es","@id":"https:\/\/www.insuco.com\/es\/insuco-ha-realizado-estudios-de-impacto-ambiental-y-social-para-un-proyecto-de-construccion-y-explotacion-de-centrales-fotovoltaicas-en-benin\/#primaryimage","url":"https:\/\/www.insuco.com\/wp-content\/uploads\/2022\/09\/Benin-2.png","contentUrl":"https:\/\/www.insuco.com\/wp-content\/uploads\/2022\/09\/Benin-2.png","width":770,"height":338},{"@type":"BreadcrumbList","@id":"https:\/\/www.insuco.com\/es\/insuco-ha-realizado-estudios-de-impacto-ambiental-y-social-para-un-proyecto-de-construccion-y-explotacion-de-centrales-fotovoltaicas-en-benin\/#breadcrumb","itemListElement":[{"@type":"ListItem","position":1,"name":"Accueil","item":"https:\/\/www.insuco.com\/es\/"},{"@type":"ListItem","position":2,"name":"INSUCO ha realizado estudios de impacto ambiental y social para un proyecto de construcci\u00f3n y explotaci\u00f3n de centrales fotovoltaicas en Ben\u00edn"}]},{"@type":"WebSite","@id":"https:\/\/www.insuco.com\/es\/#website","url":"https:\/\/www.insuco.com\/es\/","name":"Insuco","description":"Local understanding for sustainable solutions","potentialAction":[{"@type":"SearchAction","target":{"@type":"EntryPoint","urlTemplate":"https:\/\/www.insuco.com\/es\/?s={search_term_string}"},"query-input":{"@type":"PropertyValueSpecification","valueRequired":true,"valueName":"search_term_string"}}],"inLanguage":"es"},{"@type":"Person","@id":"https:\/\/www.insuco.com\/es\/#\/schema\/person\/3c72f109959d035ed553aaf9a4f36fb2","name":"Adminsuco","image":{"@type":"ImageObject","inLanguage":"es","@id":"https:\/\/www.insuco.com\/es\/#\/schema\/person\/image\/","url":"https:\/\/secure.gravatar.com\/avatar\/389ef4ba4632db6dc50909f0557b625d40f4c6e71aeace157847c2ffeafdb58d?s=96&d=mm&r=g","contentUrl":"https:\/\/secure.gravatar.com\/avatar\/389ef4ba4632db6dc50909f0557b625d40f4c6e71aeace157847c2ffeafdb58d?s=96&d=mm&r=g","caption":"Adminsuco"}}]}},"_links":{"self":[{"href":"https:\/\/www.insuco.com\/es\/wp-json\/wp\/v2\/posts\/40599","targetHints":{"allow":["GET"]}}],"collection":[{"href":"https:\/\/www.insuco.com\/es\/wp-json\/wp\/v2\/posts"}],"about":[{"href":"https:\/\/www.insuco.com\/es\/wp-json\/wp\/v2\/types\/post"}],"author":[{"embeddable":true,"href":"https:\/\/www.insuco.com\/es\/wp-json\/wp\/v2\/users\/9"}],"replies":[{"embeddable":true,"href":"https:\/\/www.insuco.com\/es\/wp-json\/wp\/v2\/comments?post=40599"}],"version-history":[{"count":8,"href":"https:\/\/www.insuco.com\/es\/wp-json\/wp\/v2\/posts\/40599\/revisions"}],"predecessor-version":[{"id":40782,"href":"https:\/\/www.insuco.com\/es\/wp-json\/wp\/v2\/posts\/40599\/revisions\/40782"}],"wp:featuredmedia":[{"embeddable":true,"href":"https:\/\/www.insuco.com\/es\/wp-json\/wp\/v2\/media\/40591"}],"wp:attachment":[{"href":"https:\/\/www.insuco.com\/es\/wp-json\/wp\/v2\/media?parent=40599"}],"wp:term":[{"taxonomy":"category","embeddable":true,"href":"https:\/\/www.insuco.com\/es\/wp-json\/wp\/v2\/categories?post=40599"},{"taxonomy":"post_tag","embeddable":true,"href":"https:\/\/www.insuco.com\/es\/wp-json\/wp\/v2\/tags?post=40599"}],"curies":[{"name":"wp","href":"https:\/\/api.w.org\/{rel}","templated":true}]}}