{"id":37725,"date":"2022-04-08T21:08:19","date_gmt":"2022-04-08T19:08:19","guid":{"rendered":"https:\/\/www.insuco.com\/?p=37725"},"modified":"2024-02-13T10:29:04","modified_gmt":"2024-02-13T09:29:04","slug":"vision-de-desarrollo-regional-de-cajamarca-2030-aportes-ciudadanos","status":"publish","type":"post","link":"https:\/\/www.insuco.com\/es\/vision-de-desarrollo-regional-de-cajamarca-2030-aportes-ciudadanos\/","title":{"rendered":"\u201cVisi\u00f3n de Desarrollo Regional de #Cajamarca 2030: Aportes ciudadanos\u201d"},"content":{"rendered":"<p>[et_pb_section fb_built=\u00bb1&#8243; _builder_version=\u00bb4.10.8&#8243; use_background_color_gradient=\u00bbon\u00bb background_color_gradient_start=\u00bb#00818b\u00bb background_color_gradient_end=\u00bbrgba(0,129,139,0.99)\u00bb background_color_gradient_overlays_image=\u00bbon\u00bb background_image=\u00bbhttps:\/\/www.insuco.com\/wp-content\/uploads\/2019\/04\/insuco-slider2.jpg\u00bb custom_padding=\u00bb65px|0px|23px|0px|false|false\u00bb global_colors_info=\u00bb{}\u00bb][et_pb_row _builder_version=\u00bb3.25&#8243; custom_padding=\u00bb27px|0px|0|0px|false|false\u00bb global_colors_info=\u00bb{}\u00bb][et_pb_column type=\u00bb4_4&#8243; _builder_version=\u00bb3.25&#8243; custom_padding=\u00bb|||\u00bb global_colors_info=\u00bb{}\u00bb custom_padding__hover=\u00bb|||\u00bb][et_pb_text _builder_version=\u00bb3.27.4&#8243; header_font=\u00bb|300|||||||\u00bb header_text_color=\u00bb#ffffff\u00bb header_font_size=\u00bb70px\u00bb header_2_text_color=\u00bb#ffffff\u00bb header_2_font_size=\u00bb60px\u00bb custom_padding=\u00bb|||\u00bb animation_style=\u00bbslide\u00bb animation_direction=\u00bbright\u00bb animation_delay=\u00bb500ms\u00bb header_font_size_tablet=\u00bb\u00bb header_font_size_phone=\u00bb50px\u00bb header_font_size_last_edited=\u00bbon|phone\u00bb z_index_tablet=\u00bb500&#8243; locked=\u00bbon\u00bb global_colors_info=\u00bb{}\u00bb header_2_text_color__hover_enabled=\u00bbon\u00bb header_2_text_color__hover=\u00bb#b1e3e3&#8243;]<\/p>\n<h1>News<\/h1>\n<p>[\/et_pb_text][\/et_pb_column][\/et_pb_row][\/et_pb_section][et_pb_section fb_built=\u00bb1&#8243; _builder_version=\u00bb4.10.8&#8243; custom_padding=\u00bb21px|0px|37px|0px|false|false\u00bb global_colors_info=\u00bb{}\u00bb][et_pb_row _builder_version=\u00bb3.25&#8243; custom_padding=\u00bb||29px|||\u00bb global_colors_info=\u00bb{}\u00bb][et_pb_column type=\u00bb4_4&#8243; _builder_version=\u00bb3.25&#8243; custom_padding=\u00bb|||\u00bb global_colors_info=\u00bb{}\u00bb custom_padding__hover=\u00bb|||\u00bb][et_pb_post_title author=\u00bboff\u00bb date_format=\u00bbM Y\u00bb comments=\u00bboff\u00bb featured_image=\u00bboff\u00bb _builder_version=\u00bb3.26&#8243; title_level=\u00bbh2&#8243; title_font=\u00bb||||||||\u00bb title_text_color=\u00bb#00818b\u00bb title_font_size=\u00bb55px\u00bb title_font_size_tablet=\u00bb\u00bb title_font_size_phone=\u00bb34px\u00bb title_font_size_last_edited=\u00bbon|phone\u00bb locked=\u00bbon\u00bb global_colors_info=\u00bb{}\u00bb][\/et_pb_post_title][\/et_pb_column][\/et_pb_row][et_pb_row column_structure=\u00bb2_5,3_5&#8243; use_custom_gutter=\u00bbon\u00bb _builder_version=\u00bb3.25&#8243; custom_padding=\u00bb0px||34px|||\u00bb global_colors_info=\u00bb{}\u00bb][et_pb_column type=\u00bb2_5&#8243; _builder_version=\u00bb3.25&#8243; custom_padding=\u00bb|||\u00bb global_colors_info=\u00bb{}\u00bb custom_padding__hover=\u00bb|||\u00bb][et_pb_image src=\u00bbhttps:\/\/www.insuco.com\/wp-content\/uploads\/2022\/04\/Foto-presentacion-LinkedIn.jpg\u00bb title_text=\u00bbFoto presentaci\u00f3n LinkedIn\u00bb _builder_version=\u00bb4.10.8&#8243; _module_preset=\u00bbdefault\u00bb global_colors_info=\u00bb{}\u00bb][\/et_pb_image][\/et_pb_column][et_pb_column type=\u00bb3_5&#8243; _builder_version=\u00bb3.25&#8243; custom_padding=\u00bb|||\u00bb global_colors_info=\u00bb{}\u00bb custom_padding__hover=\u00bb|||\u00bb][et_pb_text admin_label=\u00bbTexte \u00bb _builder_version=\u00bb4.10.8&#8243; hover_enabled=\u00bb0&#8243; global_colors_info=\u00bb{}\u00bb sticky_enabled=\u00bb0&#8243;]<\/p>\n<p>El pasado 5 de abril, desde\u00a0<b><a href=\"https:\/\/www.linkedin.com\/company\/insuco\/\" data-attribute-index=\"0\" data-entity-hovercard-id=\"urn:li:fs_miniCompany:5071316\" data-entity-type=\"MINI_COMPANY\">INSUCO<\/a><\/b>\u00a0acompa\u00f1amos al Gobierno Regional de Cajamarca y al\u00a0<b><a href=\"https:\/\/www.linkedin.com\/company\/ministerio-de-energ-a-y-minas\/\" data-attribute-index=\"2\" data-entity-hovercard-id=\"urn:li:fs_miniCompany:489749\" data-entity-type=\"MINI_COMPANY\">Ministerio de Energ\u00eda y Minas<\/a><\/b>\u00a0en el despliegue del Conversatorio \u201cVisi\u00f3n de Desarrollo Regional de\u00a0<b><a href=\"https:\/\/www.linkedin.com\/feed\/hashtag\/?keywords=cajamarca&amp;highlightedUpdateUrns=urn%3Ali%3Aactivity%3A6918212347064987648\" data-attribute-index=\"4\">#Cajamarca<\/a><\/b>\u00a02030: Aportes ciudadanos\u201d, para dar inicio al proceso de definici\u00f3n colectiva de la Visi\u00f3n de Desarrollo Regional en un marco econ\u00f3mico diferenciado y diversificado, y como parte del Centro de Convergencia y Buenas Pr\u00e1cticas Minero-Energ\u00e9ticas (RIMAY).<\/p>\n<p>El conversatorio tuvo como agenda central reflexionar sobre las oportunidades y desaf\u00edos de la definici\u00f3n de una visi\u00f3n compartida de desarrollo. Se convers\u00f3 sobre la relevancia de desplegar un proceso multi-actor que ponga en valor la diversidad del territorio, tomar decisiones basadas en evidencia e informaci\u00f3n relevante y validada; resaltando que el desarrollo humano y la persona, debe ser el centro de todo di\u00e1logo.<\/p>\n<p>Compartimos un documento de sistematizaci\u00f3n y los invitamos a seguir participando en este proceso que integrar\u00e1 las voces de los diversos actores en el territorio y que iniciar\u00e1 a partir del 18 de abril.<br \/>Agradecemos a los panelistas y presentadores de este espacio.<\/p>\n<p>S\u00edganos en Facebook: Visi\u00f3n de Desarrollo Regional de Cajamarca \u2013 2030 (<b><a href=\"https:\/\/lnkd.in\/gZRcpRWH\" data-attribute-index=\"21\">https:\/\/lnkd.in\/gZRcpRWH<\/a><\/b>)<\/p>\n<p>Escr\u00edbanos a:\u00a0<b><a href=\"mailto:visioncajamarca@insuco.com\" data-attribute-index=\"22\">visioncajamarca@insuco.com<\/a><\/b><\/p>\n<p><b><a href=\"https:\/\/www.linkedin.com\/in\/ACoAAAONctMB4g6PY3d0-6XQY3vA83B-Mu7riOY\" data-attribute-index=\"5\" data-entity-hovercard-id=\"urn:li:fs_miniProfile:ACoAAAONctMB4g6PY3d0-6XQY3vA83B-Mu7riOY\" data-entity-type=\"MINI_PROFILE\">Diana M\u00e9ndez del Aguila<\/a><\/b>;\u00a0<b><a href=\"https:\/\/www.linkedin.com\/in\/ACoAAAhT1HsBvX489tqYbF-DOBOzi-y3RAhxOsc\" data-attribute-index=\"7\" data-entity-hovercard-id=\"urn:li:fs_miniProfile:ACoAAAhT1HsBvX489tqYbF-DOBOzi-y3RAhxOsc\" data-entity-type=\"MINI_PROFILE\">Miguel Inchaustegui<\/a><\/b>;\u00a0<b><a href=\"https:\/\/www.linkedin.com\/in\/ACoAAALjaykBSamire5H2e4TIlCslpVxjjOcREM\" data-attribute-index=\"9\" data-entity-hovercard-id=\"urn:li:fs_miniProfile:ACoAAALjaykBSamire5H2e4TIlCslpVxjjOcREM\" data-entity-type=\"MINI_PROFILE\">Mes\u00edas Guevara<\/a><\/b>;\u00a0\u00a0<b><a href=\"https:\/\/www.linkedin.com\/company\/ministerio-de-energ-a-y-minas\/\" data-attribute-index=\"11\" data-entity-hovercard-id=\"urn:li:fs_miniCompany:489749\" data-entity-type=\"MINI_COMPANY\">Ministerio de Energ\u00eda y Minas<\/a><\/b>;\u00a0<b><a href=\"https:\/\/www.linkedin.com\/in\/ACoAAApfhu8BexwEJNpqvG8pWd8VauNOh0r0liw\" data-attribute-index=\"13\" data-entity-hovercard-id=\"urn:li:fs_miniProfile:ACoAAApfhu8BexwEJNpqvG8pWd8VauNOh0r0liw\" data-entity-type=\"MINI_PROFILE\">Guillen Calvo<\/a><\/b>;\u00a0<b><a href=\"https:\/\/www.linkedin.com\/company\/cedepasnorte\/\" data-attribute-index=\"15\" data-entity-hovercard-id=\"urn:li:fs_miniCompany:9501990\" data-entity-type=\"MINI_COMPANY\">CEDEPAS Norte<\/a><\/b>;\u00a0<b><a href=\"https:\/\/www.linkedin.com\/company\/instituto-de-estudios-peruanos\/\" data-attribute-index=\"17\" data-entity-hovercard-id=\"urn:li:fs_miniCompany:2756176\" data-entity-type=\"MINI_COMPANY\">Instituto de Estudios Peruanos<\/a><\/b>;\u00a0<b><a href=\"https:\/\/www.linkedin.com\/company\/mesa-de-concertaci%C3%B3n-de-lucha-contra-la-pobreza-mclcp\/\" data-attribute-index=\"19\" data-entity-hovercard-id=\"urn:li:fs_miniCompany:68793659\" data-entity-type=\"MINI_COMPANY\">Mesa de Concertaci\u00f3n para la Lucha Contra la Pobreza MCLCP<\/a><\/b><\/p>\n<p>[\/et_pb_text][\/et_pb_column][\/et_pb_row][et_pb_row use_custom_gutter=\u00bbon\u00bb gutter_width=\u00bb2&#8243; _builder_version=\u00bb3.25&#8243; custom_padding=\u00bb0px|||||\u00bb locked=\u00bboff\u00bb global_colors_info=\u00bb{}\u00bb][et_pb_column type=\u00bb4_4&#8243; _builder_version=\u00bb3.25&#8243; custom_padding=\u00bb|||\u00bb global_colors_info=\u00bb{}\u00bb custom_padding__hover=\u00bb|||\u00bb][et_pb_gallery gallery_ids=\u00bb37720,37723&#8243; posts_number=\u00bb2&#8243; show_title_and_caption=\u00bboff\u00bb show_pagination=\u00bboff\u00bb disabled_on=\u00bboff|off|off\u00bb _builder_version=\u00bb4.10.8&#8243; locked=\u00bboff\u00bb global_colors_info=\u00bb{}\u00bb][\/et_pb_gallery][\/et_pb_column][\/et_pb_row][\/et_pb_section]<\/p>\n","protected":false},"excerpt":{"rendered":"<p>El pasado 5 de abril, desde\u00a0INSUCO\u00a0acompa\u00f1amos al Gobierno Regional de&#8230;<\/p>\n","protected":false},"author":9,"featured_media":37717,"comment_status":"closed","ping_status":"open","sticky":false,"template":"","format":"standard","meta":{"_acf_changed":false,"_et_pb_use_builder":"on","_et_pb_old_content":"Guill\u00e9n Calvo (Directeur G\u00e9n\u00e9ral Insuco Am\u00e9rique Latine) \u00e9tait l\u2019un des intervenants dans la formation organis\u00e9e par la Corporation Vivo Cuenca le 14 mai 2019 \u00e0 Manizales, en Colombie. Vivo Cuenca est une ONG financ\u00e9e par diff\u00e9rentes entreprises publiques dans les secteurs de l\u2019eau, de l\u2019\u00e9nergie et de la gestion des d\u00e9chets, qui a pour objectif de promouvoir la conservation et gestion durable du bassin versant du R\u00edo Chinchin\u00e1 \u00e0 travers une approche territoriale.\r\n\r\nLa formation \u00e9tait destin\u00e9e aux diff\u00e9rentes entit\u00e9s publiques, entreprises priv\u00e9es et communaut\u00e9s impliqu\u00e9es dans la gestion du R\u00edo Chinchin\u00e1, et s\u2019est centr\u00e9e sur le sujet de la valorisation du patrimoine bioculturel pour soutenir le d\u00e9veloppement territorial. Nous sommes tr\u00e8s heureux d\u2019avoir pu partager notre exp\u00e9rience sur la Responsabilit\u00e9 Territoriale des Entreprises (RTE) et la gestion territoriale participative, et d\u2019avoir contribu\u00e9 au d\u00e9veloppement de cette initiative innovante, merci encore \u00e0 tous les participants pour ces riches \u00e9changes !","_et_gb_content_width":"","footnotes":""},"categories":[191],"tags":[566],"class_list":["post-37725","post","type-post","status-publish","format-standard","has-post-thumbnail","hentry","category-noticias-de-insuco","tag-anciens-articles-avec-builder-es"],"acf":[],"yoast_head":"<!-- This site is optimized with the Yoast SEO plugin v26.0 - https:\/\/yoast.com\/wordpress\/plugins\/seo\/ -->\n<title>\u201cVisi\u00f3n de Desarrollo Regional de #Cajamarca 2030: Aportes ciudadanos\u201d - Insuco<\/title>\n<meta name=\"robots\" content=\"index, follow, max-snippet:-1, max-image-preview:large, max-video-preview:-1\" \/>\n<link rel=\"canonical\" href=\"https:\/\/www.insuco.com\/es\/vision-de-desarrollo-regional-de-cajamarca-2030-aportes-ciudadanos\/\" \/>\n<meta property=\"og:locale\" content=\"es_ES\" \/>\n<meta property=\"og:type\" content=\"article\" \/>\n<meta property=\"og:title\" content=\"\u201cVisi\u00f3n de Desarrollo Regional de #Cajamarca 2030: Aportes ciudadanos\u201d - Insuco\" \/>\n<meta property=\"og:description\" content=\"El pasado 5 de abril, desde\u00a0INSUCO\u00a0acompa\u00f1amos al Gobierno Regional de...\" \/>\n<meta property=\"og:url\" content=\"https:\/\/www.insuco.com\/es\/vision-de-desarrollo-regional-de-cajamarca-2030-aportes-ciudadanos\/\" \/>\n<meta property=\"og:site_name\" content=\"Insuco\" \/>\n<meta property=\"article:published_time\" content=\"2022-04-08T19:08:19+00:00\" \/>\n<meta property=\"article:modified_time\" content=\"2024-02-13T09:29:04+00:00\" \/>\n<meta property=\"og:image\" content=\"https:\/\/www.insuco.com\/wp-content\/uploads\/2022\/04\/Foto-presentacion-LinkedIn.jpg\" \/>\n\t<meta property=\"og:image:width\" content=\"700\" \/>\n\t<meta property=\"og:image:height\" content=\"368\" \/>\n\t<meta property=\"og:image:type\" content=\"image\/jpeg\" \/>\n<meta name=\"author\" content=\"Adminsuco\" \/>\n<meta name=\"twitter:card\" content=\"summary_large_image\" \/>\n<meta name=\"twitter:label1\" content=\"Escrito por\" \/>\n\t<meta name=\"twitter:data1\" content=\"Adminsuco\" \/>\n\t<meta name=\"twitter:label2\" content=\"Tiempo de lectura\" \/>\n\t<meta name=\"twitter:data2\" content=\"3 minutos\" \/>\n<script type=\"application\/ld+json\" class=\"yoast-schema-graph\">{\"@context\":\"https:\/\/schema.org\",\"@graph\":[{\"@type\":\"WebPage\",\"@id\":\"https:\/\/www.insuco.com\/es\/vision-de-desarrollo-regional-de-cajamarca-2030-aportes-ciudadanos\/\",\"url\":\"https:\/\/www.insuco.com\/es\/vision-de-desarrollo-regional-de-cajamarca-2030-aportes-ciudadanos\/\",\"name\":\"\u201cVisi\u00f3n de Desarrollo Regional de #Cajamarca 2030: Aportes ciudadanos\u201d - Insuco\",\"isPartOf\":{\"@id\":\"https:\/\/www.insuco.com\/es\/#website\"},\"primaryImageOfPage\":{\"@id\":\"https:\/\/www.insuco.com\/es\/vision-de-desarrollo-regional-de-cajamarca-2030-aportes-ciudadanos\/#primaryimage\"},\"image\":{\"@id\":\"https:\/\/www.insuco.com\/es\/vision-de-desarrollo-regional-de-cajamarca-2030-aportes-ciudadanos\/#primaryimage\"},\"thumbnailUrl\":\"https:\/\/www.insuco.com\/wp-content\/uploads\/2022\/04\/Foto-presentacion-LinkedIn.jpg\",\"datePublished\":\"2022-04-08T19:08:19+00:00\",\"dateModified\":\"2024-02-13T09:29:04+00:00\",\"author\":{\"@id\":\"https:\/\/www.insuco.com\/es\/#\/schema\/person\/3c72f109959d035ed553aaf9a4f36fb2\"},\"breadcrumb\":{\"@id\":\"https:\/\/www.insuco.com\/es\/vision-de-desarrollo-regional-de-cajamarca-2030-aportes-ciudadanos\/#breadcrumb\"},\"inLanguage\":\"es\",\"potentialAction\":[{\"@type\":\"ReadAction\",\"target\":[\"https:\/\/www.insuco.com\/es\/vision-de-desarrollo-regional-de-cajamarca-2030-aportes-ciudadanos\/\"]}]},{\"@type\":\"ImageObject\",\"inLanguage\":\"es\",\"@id\":\"https:\/\/www.insuco.com\/es\/vision-de-desarrollo-regional-de-cajamarca-2030-aportes-ciudadanos\/#primaryimage\",\"url\":\"https:\/\/www.insuco.com\/wp-content\/uploads\/2022\/04\/Foto-presentacion-LinkedIn.jpg\",\"contentUrl\":\"https:\/\/www.insuco.com\/wp-content\/uploads\/2022\/04\/Foto-presentacion-LinkedIn.jpg\",\"width\":700,\"height\":368},{\"@type\":\"BreadcrumbList\",\"@id\":\"https:\/\/www.insuco.com\/es\/vision-de-desarrollo-regional-de-cajamarca-2030-aportes-ciudadanos\/#breadcrumb\",\"itemListElement\":[{\"@type\":\"ListItem\",\"position\":1,\"name\":\"Accueil\",\"item\":\"https:\/\/www.insuco.com\/es\/\"},{\"@type\":\"ListItem\",\"position\":2,\"name\":\"\u201cVisi\u00f3n de Desarrollo Regional de #Cajamarca 2030: Aportes ciudadanos\u201d\"}]},{\"@type\":\"WebSite\",\"@id\":\"https:\/\/www.insuco.com\/es\/#website\",\"url\":\"https:\/\/www.insuco.com\/es\/\",\"name\":\"Insuco\",\"description\":\"Local understanding for sustainable solutions\",\"potentialAction\":[{\"@type\":\"SearchAction\",\"target\":{\"@type\":\"EntryPoint\",\"urlTemplate\":\"https:\/\/www.insuco.com\/es\/?s={search_term_string}\"},\"query-input\":{\"@type\":\"PropertyValueSpecification\",\"valueRequired\":true,\"valueName\":\"search_term_string\"}}],\"inLanguage\":\"es\"},{\"@type\":\"Person\",\"@id\":\"https:\/\/www.insuco.com\/es\/#\/schema\/person\/3c72f109959d035ed553aaf9a4f36fb2\",\"name\":\"Adminsuco\",\"image\":{\"@type\":\"ImageObject\",\"inLanguage\":\"es\",\"@id\":\"https:\/\/www.insuco.com\/es\/#\/schema\/person\/image\/\",\"url\":\"https:\/\/secure.gravatar.com\/avatar\/389ef4ba4632db6dc50909f0557b625d40f4c6e71aeace157847c2ffeafdb58d?s=96&d=mm&r=g\",\"contentUrl\":\"https:\/\/secure.gravatar.com\/avatar\/389ef4ba4632db6dc50909f0557b625d40f4c6e71aeace157847c2ffeafdb58d?s=96&d=mm&r=g\",\"caption\":\"Adminsuco\"}}]}<\/script>\n<!-- \/ Yoast SEO plugin. -->","yoast_head_json":{"title":"\u201cVisi\u00f3n de Desarrollo Regional de #Cajamarca 2030: Aportes ciudadanos\u201d - Insuco","robots":{"index":"index","follow":"follow","max-snippet":"max-snippet:-1","max-image-preview":"max-image-preview:large","max-video-preview":"max-video-preview:-1"},"canonical":"https:\/\/www.insuco.com\/es\/vision-de-desarrollo-regional-de-cajamarca-2030-aportes-ciudadanos\/","og_locale":"es_ES","og_type":"article","og_title":"\u201cVisi\u00f3n de Desarrollo Regional de #Cajamarca 2030: Aportes ciudadanos\u201d - Insuco","og_description":"El pasado 5 de abril, desde\u00a0INSUCO\u00a0acompa\u00f1amos al Gobierno Regional de...","og_url":"https:\/\/www.insuco.com\/es\/vision-de-desarrollo-regional-de-cajamarca-2030-aportes-ciudadanos\/","og_site_name":"Insuco","article_published_time":"2022-04-08T19:08:19+00:00","article_modified_time":"2024-02-13T09:29:04+00:00","og_image":[{"width":700,"height":368,"url":"https:\/\/www.insuco.com\/wp-content\/uploads\/2022\/04\/Foto-presentacion-LinkedIn.jpg","type":"image\/jpeg"}],"author":"Adminsuco","twitter_card":"summary_large_image","twitter_misc":{"Escrito por":"Adminsuco","Tiempo de lectura":"3 minutos"},"schema":{"@context":"https:\/\/schema.org","@graph":[{"@type":"WebPage","@id":"https:\/\/www.insuco.com\/es\/vision-de-desarrollo-regional-de-cajamarca-2030-aportes-ciudadanos\/","url":"https:\/\/www.insuco.com\/es\/vision-de-desarrollo-regional-de-cajamarca-2030-aportes-ciudadanos\/","name":"\u201cVisi\u00f3n de Desarrollo Regional de #Cajamarca 2030: Aportes ciudadanos\u201d - Insuco","isPartOf":{"@id":"https:\/\/www.insuco.com\/es\/#website"},"primaryImageOfPage":{"@id":"https:\/\/www.insuco.com\/es\/vision-de-desarrollo-regional-de-cajamarca-2030-aportes-ciudadanos\/#primaryimage"},"image":{"@id":"https:\/\/www.insuco.com\/es\/vision-de-desarrollo-regional-de-cajamarca-2030-aportes-ciudadanos\/#primaryimage"},"thumbnailUrl":"https:\/\/www.insuco.com\/wp-content\/uploads\/2022\/04\/Foto-presentacion-LinkedIn.jpg","datePublished":"2022-04-08T19:08:19+00:00","dateModified":"2024-02-13T09:29:04+00:00","author":{"@id":"https:\/\/www.insuco.com\/es\/#\/schema\/person\/3c72f109959d035ed553aaf9a4f36fb2"},"breadcrumb":{"@id":"https:\/\/www.insuco.com\/es\/vision-de-desarrollo-regional-de-cajamarca-2030-aportes-ciudadanos\/#breadcrumb"},"inLanguage":"es","potentialAction":[{"@type":"ReadAction","target":["https:\/\/www.insuco.com\/es\/vision-de-desarrollo-regional-de-cajamarca-2030-aportes-ciudadanos\/"]}]},{"@type":"ImageObject","inLanguage":"es","@id":"https:\/\/www.insuco.com\/es\/vision-de-desarrollo-regional-de-cajamarca-2030-aportes-ciudadanos\/#primaryimage","url":"https:\/\/www.insuco.com\/wp-content\/uploads\/2022\/04\/Foto-presentacion-LinkedIn.jpg","contentUrl":"https:\/\/www.insuco.com\/wp-content\/uploads\/2022\/04\/Foto-presentacion-LinkedIn.jpg","width":700,"height":368},{"@type":"BreadcrumbList","@id":"https:\/\/www.insuco.com\/es\/vision-de-desarrollo-regional-de-cajamarca-2030-aportes-ciudadanos\/#breadcrumb","itemListElement":[{"@type":"ListItem","position":1,"name":"Accueil","item":"https:\/\/www.insuco.com\/es\/"},{"@type":"ListItem","position":2,"name":"\u201cVisi\u00f3n de Desarrollo Regional de #Cajamarca 2030: Aportes ciudadanos\u201d"}]},{"@type":"WebSite","@id":"https:\/\/www.insuco.com\/es\/#website","url":"https:\/\/www.insuco.com\/es\/","name":"Insuco","description":"Local understanding for sustainable solutions","potentialAction":[{"@type":"SearchAction","target":{"@type":"EntryPoint","urlTemplate":"https:\/\/www.insuco.com\/es\/?s={search_term_string}"},"query-input":{"@type":"PropertyValueSpecification","valueRequired":true,"valueName":"search_term_string"}}],"inLanguage":"es"},{"@type":"Person","@id":"https:\/\/www.insuco.com\/es\/#\/schema\/person\/3c72f109959d035ed553aaf9a4f36fb2","name":"Adminsuco","image":{"@type":"ImageObject","inLanguage":"es","@id":"https:\/\/www.insuco.com\/es\/#\/schema\/person\/image\/","url":"https:\/\/secure.gravatar.com\/avatar\/389ef4ba4632db6dc50909f0557b625d40f4c6e71aeace157847c2ffeafdb58d?s=96&d=mm&r=g","contentUrl":"https:\/\/secure.gravatar.com\/avatar\/389ef4ba4632db6dc50909f0557b625d40f4c6e71aeace157847c2ffeafdb58d?s=96&d=mm&r=g","caption":"Adminsuco"}}]}},"_links":{"self":[{"href":"https:\/\/www.insuco.com\/es\/wp-json\/wp\/v2\/posts\/37725","targetHints":{"allow":["GET"]}}],"collection":[{"href":"https:\/\/www.insuco.com\/es\/wp-json\/wp\/v2\/posts"}],"about":[{"href":"https:\/\/www.insuco.com\/es\/wp-json\/wp\/v2\/types\/post"}],"author":[{"embeddable":true,"href":"https:\/\/www.insuco.com\/es\/wp-json\/wp\/v2\/users\/9"}],"replies":[{"embeddable":true,"href":"https:\/\/www.insuco.com\/es\/wp-json\/wp\/v2\/comments?post=37725"}],"version-history":[{"count":8,"href":"https:\/\/www.insuco.com\/es\/wp-json\/wp\/v2\/posts\/37725\/revisions"}],"predecessor-version":[{"id":37746,"href":"https:\/\/www.insuco.com\/es\/wp-json\/wp\/v2\/posts\/37725\/revisions\/37746"}],"wp:featuredmedia":[{"embeddable":true,"href":"https:\/\/www.insuco.com\/es\/wp-json\/wp\/v2\/media\/37717"}],"wp:attachment":[{"href":"https:\/\/www.insuco.com\/es\/wp-json\/wp\/v2\/media?parent=37725"}],"wp:term":[{"taxonomy":"category","embeddable":true,"href":"https:\/\/www.insuco.com\/es\/wp-json\/wp\/v2\/categories?post=37725"},{"taxonomy":"post_tag","embeddable":true,"href":"https:\/\/www.insuco.com\/es\/wp-json\/wp\/v2\/tags?post=37725"}],"curies":[{"name":"wp","href":"https:\/\/api.w.org\/{rel}","templated":true}]}}