{"id":27098,"date":"2020-05-06T23:47:13","date_gmt":"2020-05-06T21:47:13","guid":{"rendered":"https:\/\/www.insuco.com\/?p=27098"},"modified":"2024-02-13T10:31:15","modified_gmt":"2024-02-13T09:31:15","slug":"alianzas-innovadoras-en-territorios-en-tiempos-de-covid-19","status":"publish","type":"post","link":"https:\/\/www.insuco.com\/es\/alianzas-innovadoras-en-territorios-en-tiempos-de-covid-19\/","title":{"rendered":"Alianzas innovadoras en territorios en tiempos de Covid-19"},"content":{"rendered":"<p>[et_pb_section fb_built=\u00bb1&#8243; _builder_version=\u00bb3.22.7&#8243; use_background_color_gradient=\u00bbon\u00bb background_color_gradient_start=\u00bb#00818b\u00bb background_color_gradient_end=\u00bbrgba(0,129,139,0.99)\u00bb background_color_gradient_overlays_image=\u00bbon\u00bb background_image=\u00bbhttps:\/\/www.insuco.com\/wp-content\/uploads\/2019\/04\/insuco-slider2.jpg\u00bb custom_padding=\u00bb65px|0px|23px|0px|false|false\u00bb][et_pb_row custom_padding=\u00bb27px|0px|0|0px|false|false\u00bb _builder_version=\u00bb3.25&#8243;][et_pb_column type=\u00bb4_4&#8243; _builder_version=\u00bb3.25&#8243; custom_padding=\u00bb|||\u00bb custom_padding__hover=\u00bb|||\u00bb][et_pb_text _builder_version=\u00bb3.22.7&#8243; header_font=\u00bb|300|||||||\u00bb header_text_color=\u00bb#ffffff\u00bb header_font_size=\u00bb70px\u00bb header_2_text_color=\u00bb#ffffff\u00bb header_2_font_size=\u00bb60px\u00bb custom_padding=\u00bb|||\u00bb animation_style=\u00bbslide\u00bb animation_direction=\u00bbright\u00bb animation_delay=\u00bb500ms\u00bb z_index_tablet=\u00bb500&#8243; header_font_size_phone=\u00bb50px\u00bb header_font_size_last_edited=\u00bbon|phone\u00bb locked=\u00bbon\u00bb header_2_text_color__hover_enabled=\u00bbon\u00bb header_2_text_color__hover=\u00bb#b1e3e3&#8243;]<\/p>\n<h1>News<\/h1>\n<p>[\/et_pb_text][\/et_pb_column][\/et_pb_row][\/et_pb_section][et_pb_section fb_built=\u00bb1&#8243; _builder_version=\u00bb3.22.7&#8243; custom_padding=\u00bb21px|0px|37px|0px|false|false\u00bb][et_pb_row custom_padding=\u00bb||29px|||\u00bb _builder_version=\u00bb3.25&#8243;][et_pb_column type=\u00bb4_4&#8243; _builder_version=\u00bb3.25&#8243; custom_padding=\u00bb|||\u00bb custom_padding__hover=\u00bb|||\u00bb][et_pb_post_title author=\u00bboff\u00bb date_format=\u00bbM Y\u00bb comments=\u00bboff\u00bb featured_image=\u00bboff\u00bb _builder_version=\u00bb3.26&#8243; title_level=\u00bbh2&#8243; title_font=\u00bb||||||||\u00bb title_text_color=\u00bb#00818b\u00bb title_font_size=\u00bb55px\u00bb title_font_size_phone=\u00bb34px\u00bb title_font_size_last_edited=\u00bbon|phone\u00bb locked=\u00bbon\u00bb][\/et_pb_post_title][\/et_pb_column][\/et_pb_row][et_pb_row column_structure=\u00bb2_5,3_5&#8243; use_custom_gutter=\u00bbon\u00bb custom_padding=\u00bb0px||34px|||\u00bb _builder_version=\u00bb3.25&#8243;][et_pb_column type=\u00bb2_5&#8243; _builder_version=\u00bb3.25&#8243; custom_padding=\u00bb|||\u00bb custom_padding__hover=\u00bb|||\u00bb][et_pb_image src=\u00bbhttps:\/\/www.insuco.com\/wp-content\/uploads\/2020\/05\/Invitaci\u00f3n-webinar-Alianzas.jpeg\u00bb force_fullwidth=\u00bbon\u00bb align_tablet=\u00bbcenter\u00bb align_last_edited=\u00bbon|desktop\u00bb admin_label=\u00bbImage\u00bb _builder_version=\u00bb3.26&#8243;][\/et_pb_image][et_pb_image src=\u00bbhttps:\/\/www.insuco.com\/wp-content\/uploads\/2020\/05\/0001.jpg\u00bb force_fullwidth=\u00bbon\u00bb align_tablet=\u00bbcenter\u00bb align_last_edited=\u00bbon|desktop\u00bb admin_label=\u00bbImage\u00bb _builder_version=\u00bb3.26&#8243;][\/et_pb_image][et_pb_video src=\u00bbhttps:\/\/www.youtube.com\/watch?v=T-jn1_thxK8&#8243; disabled_on=\u00bbon|on|on\u00bb _builder_version=\u00bb3.22.7&#8243; disabled=\u00bbon\u00bb][\/et_pb_video][\/et_pb_column][et_pb_column type=\u00bb3_5&#8243; _builder_version=\u00bb3.25&#8243; custom_padding=\u00bb|||\u00bb custom_padding__hover=\u00bb|||\u00bb][et_pb_text admin_label=\u00bbTexte \u00bb _builder_version=\u00bb3.26&#8243; header_2_text_color=\u00bb#00818b\u00bb header_2_font_size=\u00bb55px\u00bb custom_padding=\u00bb0px|||||\u00bb z_index_tablet=\u00bb500&#8243; header_2_font_size_phone=\u00bb40px\u00bb header_2_font_size_last_edited=\u00bbon|phone\u00bb]<\/p>\n<p>La crisis sanitaria generada por el Covid-19 nos enfrenta a una situaci\u00f3n in\u00e9dita, cuya superaci\u00f3n demanda esfuerzos multisectoriales conjuntos y apuestas innovadoras para devolver el dinamismo a los territorios y el bienestar a las comunidades. Conversamos con Jaime Arteaga &amp; Asociados, la Asociaci\u00f3n Colombiana de Miner\u00eda y 86 asistentes de Colombia, Per\u00fa, Ecuador, entre otros pa\u00edses, sobre la importancia de las Alianzas para afrontar la coyuntura actual.<\/p>\n<p>Algunas de las principales reflexiones que surgieron de este conversatorio virtual son:<\/p>\n<ul>\n<li>La identificaci\u00f3n de soluciones disruptivas a los m\u00faltiples retos que ha generado la crisis sanitaria se puede dar a trav\u00e9s de un proceso de acci\u00f3n colectiva. As\u00ed lo demuestra la iniciativa \u00a1Recuperacci\u00f3n! lideradora por el PNUD.<\/li>\n<li>Contar con informaci\u00f3n cierta, oportuna y de f\u00e1cil acceso es clave en la superaci\u00f3n de momentos de crisis. Para ello es importante entender cu\u00e1les son las prioridades de informaci\u00f3n de las comunidades e involucrarlas en el proceso de recolecci\u00f3n. As\u00ed lo manifestaron los representantes del IFC y de nuestros equipos en sus intervenciones.<\/li>\n<li>Redoblar esfuerzos para mantener la confianza y el tejido social en situaciones de emergencia es clave. Las empresas y las organizaciones de la sociedad civil pueden ser actores preponderantes en este proceso. Las iniciativas apoyadas por la Fundaci\u00f3n Ford y la Red del Cuidado de Jaime Arteaga &amp; Asociados as\u00ed lo mostraron.<\/li>\n<\/ul>\n<p>Los invitamos a revisar y compartir las memorias gr\u00e1ficas de este evento y a seguir acompa\u00f1\u00e1ndonos en iniciativas futuras que nos permitan\u00a0mantener el di\u00e1logo.<\/p>\n<p>\u00a1Muchas gracias a todos por su participaci\u00f3n!<\/p>\n<p>[\/et_pb_text][\/et_pb_column][\/et_pb_row][et_pb_row use_custom_gutter=\u00bbon\u00bb gutter_width=\u00bb2&#8243; custom_padding=\u00bb0px|||||\u00bb _builder_version=\u00bb3.25&#8243; locked=\u00bboff\u00bb][et_pb_column type=\u00bb4_4&#8243; _builder_version=\u00bb3.25&#8243; custom_padding=\u00bb|||\u00bb custom_padding__hover=\u00bb|||\u00bb][et_pb_gallery gallery_ids=\u00bb27108&#8243; posts_number=\u00bb3&#8243; show_title_and_caption=\u00bboff\u00bb show_pagination=\u00bboff\u00bb disabled_on=\u00bboff|off|off\u00bb _builder_version=\u00bb3.26&#8243; locked=\u00bboff\u00bb][\/et_pb_gallery][\/et_pb_column][\/et_pb_row][\/et_pb_section]<\/p>\n","protected":false},"excerpt":{"rendered":"<p>El jueves 23 de abril 2020, Insuco, Jaime Arteaga &#038; Asociados y la Asociaci\u00f3n Colombiana de Miner\u00eda&#8230;<\/p>\n","protected":false},"author":9,"featured_media":27104,"comment_status":"closed","ping_status":"open","sticky":false,"template":"","format":"standard","meta":{"_acf_changed":false,"_et_pb_use_builder":"on","_et_pb_old_content":"Guill\u00e9n Calvo (Directeur G\u00e9n\u00e9ral Insuco Am\u00e9rique Latine) \u00e9tait l\u2019un des intervenants dans la formation organis\u00e9e par la Corporation Vivo Cuenca le 14 mai 2019 \u00e0 Manizales, en Colombie. Vivo Cuenca est une ONG financ\u00e9e par diff\u00e9rentes entreprises publiques dans les secteurs de l\u2019eau, de l\u2019\u00e9nergie et de la gestion des d\u00e9chets, qui a pour objectif de promouvoir la conservation et gestion durable du bassin versant du R\u00edo Chinchin\u00e1 \u00e0 travers une approche territoriale.\r\n\r\nLa formation \u00e9tait destin\u00e9e aux diff\u00e9rentes entit\u00e9s publiques, entreprises priv\u00e9es et communaut\u00e9s impliqu\u00e9es dans la gestion du R\u00edo Chinchin\u00e1, et s\u2019est centr\u00e9e sur le sujet de la valorisation du patrimoine bioculturel pour soutenir le d\u00e9veloppement territorial. Nous sommes tr\u00e8s heureux d\u2019avoir pu partager notre exp\u00e9rience sur la Responsabilit\u00e9 Territoriale des Entreprises (RTE) et la gestion territoriale participative, et d\u2019avoir contribu\u00e9 au d\u00e9veloppement de cette initiative innovante, merci encore \u00e0 tous les participants pour ces riches \u00e9changes !","_et_gb_content_width":"","footnotes":""},"categories":[191],"tags":[566],"class_list":["post-27098","post","type-post","status-publish","format-standard","has-post-thumbnail","hentry","category-noticias-de-insuco","tag-anciens-articles-avec-builder-es"],"acf":[],"yoast_head":"<!-- This site is optimized with the Yoast SEO plugin v26.0 - https:\/\/yoast.com\/wordpress\/plugins\/seo\/ -->\n<title>Alianzas innovadoras en territorios en tiempos de Covid-19 - Insuco<\/title>\n<meta name=\"robots\" content=\"index, follow, max-snippet:-1, max-image-preview:large, max-video-preview:-1\" \/>\n<link rel=\"canonical\" href=\"https:\/\/www.insuco.com\/es\/alianzas-innovadoras-en-territorios-en-tiempos-de-covid-19\/\" \/>\n<meta property=\"og:locale\" content=\"es_ES\" \/>\n<meta property=\"og:type\" content=\"article\" \/>\n<meta property=\"og:title\" content=\"Alianzas innovadoras en territorios en tiempos de Covid-19 - Insuco\" \/>\n<meta property=\"og:description\" content=\"El jueves 23 de abril 2020, Insuco, Jaime Arteaga &amp; Asociados y la Asociaci\u00f3n Colombiana de Miner\u00eda...\" \/>\n<meta property=\"og:url\" content=\"https:\/\/www.insuco.com\/es\/alianzas-innovadoras-en-territorios-en-tiempos-de-covid-19\/\" \/>\n<meta property=\"og:site_name\" content=\"Insuco\" \/>\n<meta property=\"article:published_time\" content=\"2020-05-06T21:47:13+00:00\" \/>\n<meta property=\"article:modified_time\" content=\"2024-02-13T09:31:15+00:00\" \/>\n<meta name=\"author\" content=\"Adminsuco\" \/>\n<meta name=\"twitter:card\" content=\"summary_large_image\" \/>\n<meta name=\"twitter:label1\" content=\"Escrito por\" \/>\n\t<meta name=\"twitter:data1\" content=\"Adminsuco\" \/>\n\t<meta name=\"twitter:label2\" content=\"Tiempo de lectura\" \/>\n\t<meta name=\"twitter:data2\" content=\"4 minutos\" \/>\n<script type=\"application\/ld+json\" class=\"yoast-schema-graph\">{\"@context\":\"https:\/\/schema.org\",\"@graph\":[{\"@type\":\"WebPage\",\"@id\":\"https:\/\/www.insuco.com\/es\/alianzas-innovadoras-en-territorios-en-tiempos-de-covid-19\/\",\"url\":\"https:\/\/www.insuco.com\/es\/alianzas-innovadoras-en-territorios-en-tiempos-de-covid-19\/\",\"name\":\"Alianzas innovadoras en territorios en tiempos de Covid-19 - Insuco\",\"isPartOf\":{\"@id\":\"https:\/\/www.insuco.com\/es\/#website\"},\"primaryImageOfPage\":{\"@id\":\"https:\/\/www.insuco.com\/es\/alianzas-innovadoras-en-territorios-en-tiempos-de-covid-19\/#primaryimage\"},\"image\":{\"@id\":\"https:\/\/www.insuco.com\/es\/alianzas-innovadoras-en-territorios-en-tiempos-de-covid-19\/#primaryimage\"},\"thumbnailUrl\":\"https:\/\/www.insuco.com\/wp-content\/uploads\/2020\/05\/INSUCO-JA_Alianzas-pdf.jpg\",\"datePublished\":\"2020-05-06T21:47:13+00:00\",\"dateModified\":\"2024-02-13T09:31:15+00:00\",\"author\":{\"@id\":\"https:\/\/www.insuco.com\/es\/#\/schema\/person\/3c72f109959d035ed553aaf9a4f36fb2\"},\"breadcrumb\":{\"@id\":\"https:\/\/www.insuco.com\/es\/alianzas-innovadoras-en-territorios-en-tiempos-de-covid-19\/#breadcrumb\"},\"inLanguage\":\"es\",\"potentialAction\":[{\"@type\":\"ReadAction\",\"target\":[\"https:\/\/www.insuco.com\/es\/alianzas-innovadoras-en-territorios-en-tiempos-de-covid-19\/\"]}]},{\"@type\":\"ImageObject\",\"inLanguage\":\"es\",\"@id\":\"https:\/\/www.insuco.com\/es\/alianzas-innovadoras-en-territorios-en-tiempos-de-covid-19\/#primaryimage\",\"url\":\"https:\/\/www.insuco.com\/wp-content\/uploads\/2020\/05\/INSUCO-JA_Alianzas-pdf.jpg\",\"contentUrl\":\"https:\/\/www.insuco.com\/wp-content\/uploads\/2020\/05\/INSUCO-JA_Alianzas-pdf.jpg\"},{\"@type\":\"BreadcrumbList\",\"@id\":\"https:\/\/www.insuco.com\/es\/alianzas-innovadoras-en-territorios-en-tiempos-de-covid-19\/#breadcrumb\",\"itemListElement\":[{\"@type\":\"ListItem\",\"position\":1,\"name\":\"Accueil\",\"item\":\"https:\/\/www.insuco.com\/es\/\"},{\"@type\":\"ListItem\",\"position\":2,\"name\":\"Alianzas innovadoras en territorios en tiempos de Covid-19\"}]},{\"@type\":\"WebSite\",\"@id\":\"https:\/\/www.insuco.com\/es\/#website\",\"url\":\"https:\/\/www.insuco.com\/es\/\",\"name\":\"Insuco\",\"description\":\"Local understanding for sustainable solutions\",\"potentialAction\":[{\"@type\":\"SearchAction\",\"target\":{\"@type\":\"EntryPoint\",\"urlTemplate\":\"https:\/\/www.insuco.com\/es\/?s={search_term_string}\"},\"query-input\":{\"@type\":\"PropertyValueSpecification\",\"valueRequired\":true,\"valueName\":\"search_term_string\"}}],\"inLanguage\":\"es\"},{\"@type\":\"Person\",\"@id\":\"https:\/\/www.insuco.com\/es\/#\/schema\/person\/3c72f109959d035ed553aaf9a4f36fb2\",\"name\":\"Adminsuco\",\"image\":{\"@type\":\"ImageObject\",\"inLanguage\":\"es\",\"@id\":\"https:\/\/www.insuco.com\/es\/#\/schema\/person\/image\/\",\"url\":\"https:\/\/secure.gravatar.com\/avatar\/389ef4ba4632db6dc50909f0557b625d40f4c6e71aeace157847c2ffeafdb58d?s=96&d=mm&r=g\",\"contentUrl\":\"https:\/\/secure.gravatar.com\/avatar\/389ef4ba4632db6dc50909f0557b625d40f4c6e71aeace157847c2ffeafdb58d?s=96&d=mm&r=g\",\"caption\":\"Adminsuco\"}}]}<\/script>\n<!-- \/ Yoast SEO plugin. -->","yoast_head_json":{"title":"Alianzas innovadoras en territorios en tiempos de Covid-19 - Insuco","robots":{"index":"index","follow":"follow","max-snippet":"max-snippet:-1","max-image-preview":"max-image-preview:large","max-video-preview":"max-video-preview:-1"},"canonical":"https:\/\/www.insuco.com\/es\/alianzas-innovadoras-en-territorios-en-tiempos-de-covid-19\/","og_locale":"es_ES","og_type":"article","og_title":"Alianzas innovadoras en territorios en tiempos de Covid-19 - Insuco","og_description":"El jueves 23 de abril 2020, Insuco, Jaime Arteaga & Asociados y la Asociaci\u00f3n Colombiana de Miner\u00eda...","og_url":"https:\/\/www.insuco.com\/es\/alianzas-innovadoras-en-territorios-en-tiempos-de-covid-19\/","og_site_name":"Insuco","article_published_time":"2020-05-06T21:47:13+00:00","article_modified_time":"2024-02-13T09:31:15+00:00","author":"Adminsuco","twitter_card":"summary_large_image","twitter_misc":{"Escrito por":"Adminsuco","Tiempo de lectura":"4 minutos"},"schema":{"@context":"https:\/\/schema.org","@graph":[{"@type":"WebPage","@id":"https:\/\/www.insuco.com\/es\/alianzas-innovadoras-en-territorios-en-tiempos-de-covid-19\/","url":"https:\/\/www.insuco.com\/es\/alianzas-innovadoras-en-territorios-en-tiempos-de-covid-19\/","name":"Alianzas innovadoras en territorios en tiempos de Covid-19 - Insuco","isPartOf":{"@id":"https:\/\/www.insuco.com\/es\/#website"},"primaryImageOfPage":{"@id":"https:\/\/www.insuco.com\/es\/alianzas-innovadoras-en-territorios-en-tiempos-de-covid-19\/#primaryimage"},"image":{"@id":"https:\/\/www.insuco.com\/es\/alianzas-innovadoras-en-territorios-en-tiempos-de-covid-19\/#primaryimage"},"thumbnailUrl":"https:\/\/www.insuco.com\/wp-content\/uploads\/2020\/05\/INSUCO-JA_Alianzas-pdf.jpg","datePublished":"2020-05-06T21:47:13+00:00","dateModified":"2024-02-13T09:31:15+00:00","author":{"@id":"https:\/\/www.insuco.com\/es\/#\/schema\/person\/3c72f109959d035ed553aaf9a4f36fb2"},"breadcrumb":{"@id":"https:\/\/www.insuco.com\/es\/alianzas-innovadoras-en-territorios-en-tiempos-de-covid-19\/#breadcrumb"},"inLanguage":"es","potentialAction":[{"@type":"ReadAction","target":["https:\/\/www.insuco.com\/es\/alianzas-innovadoras-en-territorios-en-tiempos-de-covid-19\/"]}]},{"@type":"ImageObject","inLanguage":"es","@id":"https:\/\/www.insuco.com\/es\/alianzas-innovadoras-en-territorios-en-tiempos-de-covid-19\/#primaryimage","url":"https:\/\/www.insuco.com\/wp-content\/uploads\/2020\/05\/INSUCO-JA_Alianzas-pdf.jpg","contentUrl":"https:\/\/www.insuco.com\/wp-content\/uploads\/2020\/05\/INSUCO-JA_Alianzas-pdf.jpg"},{"@type":"BreadcrumbList","@id":"https:\/\/www.insuco.com\/es\/alianzas-innovadoras-en-territorios-en-tiempos-de-covid-19\/#breadcrumb","itemListElement":[{"@type":"ListItem","position":1,"name":"Accueil","item":"https:\/\/www.insuco.com\/es\/"},{"@type":"ListItem","position":2,"name":"Alianzas innovadoras en territorios en tiempos de Covid-19"}]},{"@type":"WebSite","@id":"https:\/\/www.insuco.com\/es\/#website","url":"https:\/\/www.insuco.com\/es\/","name":"Insuco","description":"Local understanding for sustainable solutions","potentialAction":[{"@type":"SearchAction","target":{"@type":"EntryPoint","urlTemplate":"https:\/\/www.insuco.com\/es\/?s={search_term_string}"},"query-input":{"@type":"PropertyValueSpecification","valueRequired":true,"valueName":"search_term_string"}}],"inLanguage":"es"},{"@type":"Person","@id":"https:\/\/www.insuco.com\/es\/#\/schema\/person\/3c72f109959d035ed553aaf9a4f36fb2","name":"Adminsuco","image":{"@type":"ImageObject","inLanguage":"es","@id":"https:\/\/www.insuco.com\/es\/#\/schema\/person\/image\/","url":"https:\/\/secure.gravatar.com\/avatar\/389ef4ba4632db6dc50909f0557b625d40f4c6e71aeace157847c2ffeafdb58d?s=96&d=mm&r=g","contentUrl":"https:\/\/secure.gravatar.com\/avatar\/389ef4ba4632db6dc50909f0557b625d40f4c6e71aeace157847c2ffeafdb58d?s=96&d=mm&r=g","caption":"Adminsuco"}}]}},"_links":{"self":[{"href":"https:\/\/www.insuco.com\/es\/wp-json\/wp\/v2\/posts\/27098","targetHints":{"allow":["GET"]}}],"collection":[{"href":"https:\/\/www.insuco.com\/es\/wp-json\/wp\/v2\/posts"}],"about":[{"href":"https:\/\/www.insuco.com\/es\/wp-json\/wp\/v2\/types\/post"}],"author":[{"embeddable":true,"href":"https:\/\/www.insuco.com\/es\/wp-json\/wp\/v2\/users\/9"}],"replies":[{"embeddable":true,"href":"https:\/\/www.insuco.com\/es\/wp-json\/wp\/v2\/comments?post=27098"}],"version-history":[{"count":7,"href":"https:\/\/www.insuco.com\/es\/wp-json\/wp\/v2\/posts\/27098\/revisions"}],"predecessor-version":[{"id":28409,"href":"https:\/\/www.insuco.com\/es\/wp-json\/wp\/v2\/posts\/27098\/revisions\/28409"}],"wp:featuredmedia":[{"embeddable":true,"href":"https:\/\/www.insuco.com\/es\/wp-json\/wp\/v2\/media\/27104"}],"wp:attachment":[{"href":"https:\/\/www.insuco.com\/es\/wp-json\/wp\/v2\/media?parent=27098"}],"wp:term":[{"taxonomy":"category","embeddable":true,"href":"https:\/\/www.insuco.com\/es\/wp-json\/wp\/v2\/categories?post=27098"},{"taxonomy":"post_tag","embeddable":true,"href":"https:\/\/www.insuco.com\/es\/wp-json\/wp\/v2\/tags?post=27098"}],"curies":[{"name":"wp","href":"https:\/\/api.w.org\/{rel}","templated":true}]}}