{"id":17411,"date":"2017-11-12T12:05:13","date_gmt":"2017-11-12T11:05:13","guid":{"rendered":"https:\/\/www.insuco.com\/pascal-rey-et-guillen-calvo-ont-participe-au-congres-surimep-a-paramaribo-au-suriname\/"},"modified":"2024-02-13T10:40:30","modified_gmt":"2024-02-13T09:40:30","slug":"pascal-rey-y-guillen-calvo-participaron-en-el-congreso-surimep-en-paramaribo-surinam","status":"publish","type":"post","link":"https:\/\/www.insuco.com\/es\/pascal-rey-y-guillen-calvo-participaron-en-el-congreso-surimep-en-paramaribo-surinam\/","title":{"rendered":"Pascal Rey y Guill\u00e9n Calvo participaron en el Congreso SURIMEP, en Paramaribo, Surinam"},"content":{"rendered":"<p>[et_pb_section fb_built=\u00bb1&#8243; _builder_version=\u00bb3.22.7&#8243; use_background_color_gradient=\u00bbon\u00bb background_color_gradient_start=\u00bb#00818b\u00bb background_color_gradient_end=\u00bbrgba(0,129,139,0.99)\u00bb background_color_gradient_overlays_image=\u00bbon\u00bb background_image=\u00bbhttps:\/\/www.insuco.com\/wp-content\/uploads\/2019\/04\/insuco-slider2.jpg\u00bb custom_padding=\u00bb65px|0px|23px|0px|false|false\u00bb][et_pb_row custom_padding=\u00bb27px|0px|0|0px|false|false\u00bb _builder_version=\u00bb3.25&#8243;][et_pb_column type=\u00bb4_4&#8243; _builder_version=\u00bb3.25&#8243; custom_padding=\u00bb|||\u00bb custom_padding__hover=\u00bb|||\u00bb][et_pb_text _builder_version=\u00bb3.22.7&#8243; header_font=\u00bb|300|||||||\u00bb header_text_color=\u00bb#ffffff\u00bb header_font_size=\u00bb70px\u00bb header_2_text_color=\u00bb#ffffff\u00bb header_2_font_size=\u00bb60px\u00bb custom_padding=\u00bb|||\u00bb animation_style=\u00bbslide\u00bb animation_direction=\u00bbright\u00bb animation_delay=\u00bb500ms\u00bb z_index_tablet=\u00bb500&#8243; header_font_size_phone=\u00bb50px\u00bb header_font_size_last_edited=\u00bbon|phone\u00bb header_2_text_color__hover_enabled=\u00bbon\u00bb header_2_text_color__hover=\u00bb#b1e3e3&#8243;]<\/p>\n<h1>News<\/h1>\n<p>[\/et_pb_text][\/et_pb_column][\/et_pb_row][\/et_pb_section][et_pb_section fb_built=\u00bb1&#8243; _builder_version=\u00bb3.22.7&#8243; custom_padding=\u00bb21px|0px|37px|0px|false|false\u00bb][et_pb_row custom_padding=\u00bb||29px|||\u00bb _builder_version=\u00bb3.22.7&#8243; global_module=\u00bb14761&#8243;][et_pb_column type=\u00bb4_4&#8243; _builder_version=\u00bb3.0.47&#8243; custom_padding=\u00bb|||\u00bb custom_padding__hover=\u00bb|||\u00bb][et_pb_post_title author=\u00bboff\u00bb date_format=\u00bbM Y\u00bb comments=\u00bboff\u00bb featured_image=\u00bboff\u00bb _builder_version=\u00bb3.25.4&#8243; title_level=\u00bbh2&#8243; title_text_color=\u00bb#00818b\u00bb title_font_size=\u00bb55px\u00bb z_index_tablet=\u00bb500&#8243; title_font_size_phone=\u00bb34px\u00bb title_font_size_last_edited=\u00bbon|phone\u00bb title_text_shadow_horizontal_length_tablet=\u00bb0px\u00bb title_text_shadow_vertical_length_tablet=\u00bb0px\u00bb title_text_shadow_blur_strength_tablet=\u00bb1px\u00bb meta_text_shadow_horizontal_length_tablet=\u00bb0px\u00bb meta_text_shadow_vertical_length_tablet=\u00bb0px\u00bb meta_text_shadow_blur_strength_tablet=\u00bb1px\u00bb box_shadow_horizontal_tablet=\u00bb0px\u00bb box_shadow_vertical_tablet=\u00bb0px\u00bb box_shadow_blur_tablet=\u00bb40px\u00bb box_shadow_spread_tablet=\u00bb0px\u00bb text_shadow_horizontal_length_tablet=\u00bb0px\u00bb text_shadow_vertical_length_tablet=\u00bb0px\u00bb text_shadow_blur_strength_tablet=\u00bb1px\u00bb][\/et_pb_post_title][\/et_pb_column][\/et_pb_row][et_pb_row use_custom_gutter=\u00bbon\u00bb custom_padding=\u00bb0px||34px|||\u00bb _builder_version=\u00bb3.25&#8243; column_structure=\u00bb2_5,3_5&#8243;][et_pb_column type=\u00bb2_5&#8243; _builder_version=\u00bb3.25&#8243; custom_padding=\u00bb|||\u00bb custom_padding__hover=\u00bb|||\u00bb][et_pb_image src=\u00bbhttps:\/\/www.insuco.com\/wp-content\/uploads\/2019\/06\/201711_SURIMEP-Insuco-Mining-Energy-Petroleum.jpg\u00bb force_fullwidth=\u00bbon\u00bb align_tablet=\u00bbcenter\u00bb align_last_edited=\u00bbon|desktop\u00bb _builder_version=\u00bb3.23&#8243; z_index_tablet=\u00bb500&#8243;][\/et_pb_image][\/et_pb_column][et_pb_column type=\u00bb3_5&#8243; _builder_version=\u00bb3.25&#8243; custom_padding=\u00bb|||\u00bb custom_padding__hover=\u00bb|||\u00bb][et_pb_text _builder_version=\u00bb3.25.4&#8243; header_2_text_color=\u00bb#00818b\u00bb header_2_font_size=\u00bb55px\u00bb custom_padding=\u00bb0px|||||\u00bb z_index_tablet=\u00bb500&#8243; header_2_font_size_phone=\u00bb40px\u00bb header_2_font_size_last_edited=\u00bbon|phone\u00bb]<\/p>\n<p>Pascal Rey (Presidente Director General de Insuco) y Guill\u00e9n Calvo (Director General de Insuco para Am\u00e9rica Latina) participaron en el Congreso SURIMEP (Suriname International Mining, Energy &amp; Petroleum Conference &amp; Exhibition) en Paramaribo, Surinam, del d\u00eda 01 al d\u00eda 03 de noviembre de 2017. En particular, Guill\u00e9n Calvo proporcion\u00f3 una presentaci\u00f3n el d\u00eda 02 de noviembre en la mesa redonda titulada \u201cLocal Content Development \u2013 Solutions for Successful Resource Industry Projects\u201d.<\/p>\n<p>[\/et_pb_text][\/et_pb_column][\/et_pb_row][et_pb_row use_custom_gutter=\u00bbon\u00bb gutter_width=\u00bb2&#8243; custom_padding=\u00bb0px|||||\u00bb disabled_on=\u00bbon|on|on\u00bb _builder_version=\u00bb3.25&#8243; disabled=\u00bbon\u00bb][et_pb_column type=\u00bb4_4&#8243; _builder_version=\u00bb3.25&#8243; custom_padding=\u00bb|||\u00bb custom_padding__hover=\u00bb|||\u00bb][et_pb_gallery gallery_ids=\u00bb14942,14939&#8243; show_title_and_caption=\u00bboff\u00bb show_pagination=\u00bboff\u00bb _builder_version=\u00bb3.22.7&#8243; z_index_tablet=\u00bb500&#8243;][\/et_pb_gallery][\/et_pb_column][\/et_pb_row][\/et_pb_section]<\/p>\n","protected":false},"excerpt":{"rendered":"<p>Pascal Rey (Presidente Director General de Insuco) y Guill\u00e9n Calvo (Director General de Insuco para Am\u00e9rica Latina) participaron en el Congreso SURIMEP&#8230;<\/p>\n","protected":false},"author":1,"featured_media":14804,"comment_status":"closed","ping_status":"open","sticky":false,"template":"","format":"standard","meta":{"_acf_changed":false,"_et_pb_use_builder":"on","_et_pb_old_content":"","_et_gb_content_width":"","footnotes":""},"categories":[191],"tags":[566],"class_list":["post-17411","post","type-post","status-publish","format-standard","has-post-thumbnail","hentry","category-noticias-de-insuco","tag-anciens-articles-avec-builder-es"],"acf":[],"yoast_head":"<!-- This site is optimized with the Yoast SEO plugin v26.0 - https:\/\/yoast.com\/wordpress\/plugins\/seo\/ -->\n<title>Pascal Rey y Guill\u00e9n Calvo participaron en el Congreso SURIMEP, en Paramaribo, Surinam - Insuco<\/title>\n<meta name=\"robots\" content=\"index, follow, max-snippet:-1, max-image-preview:large, max-video-preview:-1\" \/>\n<link rel=\"canonical\" href=\"https:\/\/www.insuco.com\/es\/pascal-rey-y-guillen-calvo-participaron-en-el-congreso-surimep-en-paramaribo-surinam\/\" \/>\n<meta property=\"og:locale\" content=\"es_ES\" \/>\n<meta property=\"og:type\" content=\"article\" \/>\n<meta property=\"og:title\" content=\"Pascal Rey y Guill\u00e9n Calvo participaron en el Congreso SURIMEP, en Paramaribo, Surinam - Insuco\" \/>\n<meta property=\"og:description\" content=\"Pascal Rey (Presidente Director General de Insuco) y Guill\u00e9n Calvo (Director General de Insuco para Am\u00e9rica Latina) participaron en el Congreso SURIMEP...\" \/>\n<meta property=\"og:url\" content=\"https:\/\/www.insuco.com\/es\/pascal-rey-y-guillen-calvo-participaron-en-el-congreso-surimep-en-paramaribo-surinam\/\" \/>\n<meta property=\"og:site_name\" content=\"Insuco\" \/>\n<meta property=\"article:published_time\" content=\"2017-11-12T11:05:13+00:00\" \/>\n<meta property=\"article:modified_time\" content=\"2024-02-13T09:40:30+00:00\" \/>\n<meta property=\"og:image\" content=\"https:\/\/www.insuco.com\/wp-content\/uploads\/2019\/06\/201711_SURIMEP-Insuco-Mining-Energy-Petroleum.jpg\" \/>\n\t<meta property=\"og:image:width\" content=\"700\" \/>\n\t<meta property=\"og:image:height\" content=\"522\" \/>\n\t<meta property=\"og:image:type\" content=\"image\/jpeg\" \/>\n<meta name=\"author\" content=\"Insuco\" \/>\n<meta name=\"twitter:card\" content=\"summary_large_image\" \/>\n<meta name=\"twitter:label1\" content=\"Escrito por\" \/>\n\t<meta name=\"twitter:data1\" content=\"Insuco\" \/>\n\t<meta name=\"twitter:label2\" content=\"Tiempo de lectura\" \/>\n\t<meta name=\"twitter:data2\" content=\"3 minutos\" \/>\n<script type=\"application\/ld+json\" class=\"yoast-schema-graph\">{\"@context\":\"https:\/\/schema.org\",\"@graph\":[{\"@type\":\"WebPage\",\"@id\":\"https:\/\/www.insuco.com\/es\/pascal-rey-y-guillen-calvo-participaron-en-el-congreso-surimep-en-paramaribo-surinam\/\",\"url\":\"https:\/\/www.insuco.com\/es\/pascal-rey-y-guillen-calvo-participaron-en-el-congreso-surimep-en-paramaribo-surinam\/\",\"name\":\"Pascal Rey y Guill\u00e9n Calvo participaron en el Congreso SURIMEP, en Paramaribo, Surinam - Insuco\",\"isPartOf\":{\"@id\":\"https:\/\/www.insuco.com\/es\/#website\"},\"primaryImageOfPage\":{\"@id\":\"https:\/\/www.insuco.com\/es\/pascal-rey-y-guillen-calvo-participaron-en-el-congreso-surimep-en-paramaribo-surinam\/#primaryimage\"},\"image\":{\"@id\":\"https:\/\/www.insuco.com\/es\/pascal-rey-y-guillen-calvo-participaron-en-el-congreso-surimep-en-paramaribo-surinam\/#primaryimage\"},\"thumbnailUrl\":\"https:\/\/www.insuco.com\/wp-content\/uploads\/2019\/06\/201711_SURIMEP-Insuco-Mining-Energy-Petroleum.jpg\",\"datePublished\":\"2017-11-12T11:05:13+00:00\",\"dateModified\":\"2024-02-13T09:40:30+00:00\",\"author\":{\"@id\":\"https:\/\/www.insuco.com\/es\/#\/schema\/person\/e4c2fa4c8f40b0d3a921d82f67c85edf\"},\"breadcrumb\":{\"@id\":\"https:\/\/www.insuco.com\/es\/pascal-rey-y-guillen-calvo-participaron-en-el-congreso-surimep-en-paramaribo-surinam\/#breadcrumb\"},\"inLanguage\":\"es\",\"potentialAction\":[{\"@type\":\"ReadAction\",\"target\":[\"https:\/\/www.insuco.com\/es\/pascal-rey-y-guillen-calvo-participaron-en-el-congreso-surimep-en-paramaribo-surinam\/\"]}]},{\"@type\":\"ImageObject\",\"inLanguage\":\"es\",\"@id\":\"https:\/\/www.insuco.com\/es\/pascal-rey-y-guillen-calvo-participaron-en-el-congreso-surimep-en-paramaribo-surinam\/#primaryimage\",\"url\":\"https:\/\/www.insuco.com\/wp-content\/uploads\/2019\/06\/201711_SURIMEP-Insuco-Mining-Energy-Petroleum.jpg\",\"contentUrl\":\"https:\/\/www.insuco.com\/wp-content\/uploads\/2019\/06\/201711_SURIMEP-Insuco-Mining-Energy-Petroleum.jpg\",\"width\":700,\"height\":522},{\"@type\":\"BreadcrumbList\",\"@id\":\"https:\/\/www.insuco.com\/es\/pascal-rey-y-guillen-calvo-participaron-en-el-congreso-surimep-en-paramaribo-surinam\/#breadcrumb\",\"itemListElement\":[{\"@type\":\"ListItem\",\"position\":1,\"name\":\"Accueil\",\"item\":\"https:\/\/www.insuco.com\/es\/\"},{\"@type\":\"ListItem\",\"position\":2,\"name\":\"Pascal Rey y Guill\u00e9n Calvo participaron en el Congreso SURIMEP, en Paramaribo, Surinam\"}]},{\"@type\":\"WebSite\",\"@id\":\"https:\/\/www.insuco.com\/es\/#website\",\"url\":\"https:\/\/www.insuco.com\/es\/\",\"name\":\"Insuco\",\"description\":\"Local understanding for sustainable solutions\",\"potentialAction\":[{\"@type\":\"SearchAction\",\"target\":{\"@type\":\"EntryPoint\",\"urlTemplate\":\"https:\/\/www.insuco.com\/es\/?s={search_term_string}\"},\"query-input\":{\"@type\":\"PropertyValueSpecification\",\"valueRequired\":true,\"valueName\":\"search_term_string\"}}],\"inLanguage\":\"es\"},{\"@type\":\"Person\",\"@id\":\"https:\/\/www.insuco.com\/es\/#\/schema\/person\/e4c2fa4c8f40b0d3a921d82f67c85edf\",\"name\":\"Insuco\",\"image\":{\"@type\":\"ImageObject\",\"inLanguage\":\"es\",\"@id\":\"https:\/\/www.insuco.com\/es\/#\/schema\/person\/image\/\",\"url\":\"https:\/\/secure.gravatar.com\/avatar\/8571115783b20f863da28ad132654449a1f71a1c8c3e421ef49d3b8bbd28d960?s=96&d=mm&r=g\",\"contentUrl\":\"https:\/\/secure.gravatar.com\/avatar\/8571115783b20f863da28ad132654449a1f71a1c8c3e421ef49d3b8bbd28d960?s=96&d=mm&r=g\",\"caption\":\"Insuco\"}}]}<\/script>\n<!-- \/ Yoast SEO plugin. -->","yoast_head_json":{"title":"Pascal Rey y Guill\u00e9n Calvo participaron en el Congreso SURIMEP, en Paramaribo, Surinam - Insuco","robots":{"index":"index","follow":"follow","max-snippet":"max-snippet:-1","max-image-preview":"max-image-preview:large","max-video-preview":"max-video-preview:-1"},"canonical":"https:\/\/www.insuco.com\/es\/pascal-rey-y-guillen-calvo-participaron-en-el-congreso-surimep-en-paramaribo-surinam\/","og_locale":"es_ES","og_type":"article","og_title":"Pascal Rey y Guill\u00e9n Calvo participaron en el Congreso SURIMEP, en Paramaribo, Surinam - Insuco","og_description":"Pascal Rey (Presidente Director General de Insuco) y Guill\u00e9n Calvo (Director General de Insuco para Am\u00e9rica Latina) participaron en el Congreso SURIMEP...","og_url":"https:\/\/www.insuco.com\/es\/pascal-rey-y-guillen-calvo-participaron-en-el-congreso-surimep-en-paramaribo-surinam\/","og_site_name":"Insuco","article_published_time":"2017-11-12T11:05:13+00:00","article_modified_time":"2024-02-13T09:40:30+00:00","og_image":[{"width":700,"height":522,"url":"https:\/\/www.insuco.com\/wp-content\/uploads\/2019\/06\/201711_SURIMEP-Insuco-Mining-Energy-Petroleum.jpg","type":"image\/jpeg"}],"author":"Insuco","twitter_card":"summary_large_image","twitter_misc":{"Escrito por":"Insuco","Tiempo de lectura":"3 minutos"},"schema":{"@context":"https:\/\/schema.org","@graph":[{"@type":"WebPage","@id":"https:\/\/www.insuco.com\/es\/pascal-rey-y-guillen-calvo-participaron-en-el-congreso-surimep-en-paramaribo-surinam\/","url":"https:\/\/www.insuco.com\/es\/pascal-rey-y-guillen-calvo-participaron-en-el-congreso-surimep-en-paramaribo-surinam\/","name":"Pascal Rey y Guill\u00e9n Calvo participaron en el Congreso SURIMEP, en Paramaribo, Surinam - Insuco","isPartOf":{"@id":"https:\/\/www.insuco.com\/es\/#website"},"primaryImageOfPage":{"@id":"https:\/\/www.insuco.com\/es\/pascal-rey-y-guillen-calvo-participaron-en-el-congreso-surimep-en-paramaribo-surinam\/#primaryimage"},"image":{"@id":"https:\/\/www.insuco.com\/es\/pascal-rey-y-guillen-calvo-participaron-en-el-congreso-surimep-en-paramaribo-surinam\/#primaryimage"},"thumbnailUrl":"https:\/\/www.insuco.com\/wp-content\/uploads\/2019\/06\/201711_SURIMEP-Insuco-Mining-Energy-Petroleum.jpg","datePublished":"2017-11-12T11:05:13+00:00","dateModified":"2024-02-13T09:40:30+00:00","author":{"@id":"https:\/\/www.insuco.com\/es\/#\/schema\/person\/e4c2fa4c8f40b0d3a921d82f67c85edf"},"breadcrumb":{"@id":"https:\/\/www.insuco.com\/es\/pascal-rey-y-guillen-calvo-participaron-en-el-congreso-surimep-en-paramaribo-surinam\/#breadcrumb"},"inLanguage":"es","potentialAction":[{"@type":"ReadAction","target":["https:\/\/www.insuco.com\/es\/pascal-rey-y-guillen-calvo-participaron-en-el-congreso-surimep-en-paramaribo-surinam\/"]}]},{"@type":"ImageObject","inLanguage":"es","@id":"https:\/\/www.insuco.com\/es\/pascal-rey-y-guillen-calvo-participaron-en-el-congreso-surimep-en-paramaribo-surinam\/#primaryimage","url":"https:\/\/www.insuco.com\/wp-content\/uploads\/2019\/06\/201711_SURIMEP-Insuco-Mining-Energy-Petroleum.jpg","contentUrl":"https:\/\/www.insuco.com\/wp-content\/uploads\/2019\/06\/201711_SURIMEP-Insuco-Mining-Energy-Petroleum.jpg","width":700,"height":522},{"@type":"BreadcrumbList","@id":"https:\/\/www.insuco.com\/es\/pascal-rey-y-guillen-calvo-participaron-en-el-congreso-surimep-en-paramaribo-surinam\/#breadcrumb","itemListElement":[{"@type":"ListItem","position":1,"name":"Accueil","item":"https:\/\/www.insuco.com\/es\/"},{"@type":"ListItem","position":2,"name":"Pascal Rey y Guill\u00e9n Calvo participaron en el Congreso SURIMEP, en Paramaribo, Surinam"}]},{"@type":"WebSite","@id":"https:\/\/www.insuco.com\/es\/#website","url":"https:\/\/www.insuco.com\/es\/","name":"Insuco","description":"Local understanding for sustainable solutions","potentialAction":[{"@type":"SearchAction","target":{"@type":"EntryPoint","urlTemplate":"https:\/\/www.insuco.com\/es\/?s={search_term_string}"},"query-input":{"@type":"PropertyValueSpecification","valueRequired":true,"valueName":"search_term_string"}}],"inLanguage":"es"},{"@type":"Person","@id":"https:\/\/www.insuco.com\/es\/#\/schema\/person\/e4c2fa4c8f40b0d3a921d82f67c85edf","name":"Insuco","image":{"@type":"ImageObject","inLanguage":"es","@id":"https:\/\/www.insuco.com\/es\/#\/schema\/person\/image\/","url":"https:\/\/secure.gravatar.com\/avatar\/8571115783b20f863da28ad132654449a1f71a1c8c3e421ef49d3b8bbd28d960?s=96&d=mm&r=g","contentUrl":"https:\/\/secure.gravatar.com\/avatar\/8571115783b20f863da28ad132654449a1f71a1c8c3e421ef49d3b8bbd28d960?s=96&d=mm&r=g","caption":"Insuco"}}]}},"_links":{"self":[{"href":"https:\/\/www.insuco.com\/es\/wp-json\/wp\/v2\/posts\/17411","targetHints":{"allow":["GET"]}}],"collection":[{"href":"https:\/\/www.insuco.com\/es\/wp-json\/wp\/v2\/posts"}],"about":[{"href":"https:\/\/www.insuco.com\/es\/wp-json\/wp\/v2\/types\/post"}],"author":[{"embeddable":true,"href":"https:\/\/www.insuco.com\/es\/wp-json\/wp\/v2\/users\/1"}],"replies":[{"embeddable":true,"href":"https:\/\/www.insuco.com\/es\/wp-json\/wp\/v2\/comments?post=17411"}],"version-history":[{"count":4,"href":"https:\/\/www.insuco.com\/es\/wp-json\/wp\/v2\/posts\/17411\/revisions"}],"predecessor-version":[{"id":18144,"href":"https:\/\/www.insuco.com\/es\/wp-json\/wp\/v2\/posts\/17411\/revisions\/18144"}],"wp:featuredmedia":[{"embeddable":true,"href":"https:\/\/www.insuco.com\/es\/wp-json\/wp\/v2\/media\/14804"}],"wp:attachment":[{"href":"https:\/\/www.insuco.com\/es\/wp-json\/wp\/v2\/media?parent=17411"}],"wp:term":[{"taxonomy":"category","embeddable":true,"href":"https:\/\/www.insuco.com\/es\/wp-json\/wp\/v2\/categories?post=17411"},{"taxonomy":"post_tag","embeddable":true,"href":"https:\/\/www.insuco.com\/es\/wp-json\/wp\/v2\/tags?post=17411"}],"curies":[{"name":"wp","href":"https:\/\/api.w.org\/{rel}","templated":true}]}}