{"id":25253,"date":"2019-12-13T18:53:13","date_gmt":"2019-12-13T17:53:13","guid":{"rendered":"https:\/\/www.insuco.com\/pascal-rey-pdg-dinsuco-et-chercheur-associe-a-lifsra-a-participe-a-la-troisieme-edition-du-colloque-annuel-sur-linterculturalite-organise-par-lemsome-a-paris-fra\/"},"modified":"2024-02-13T10:31:32","modified_gmt":"2024-02-13T09:31:32","slug":"pascal-rey-ceo-of-insuco-and-associate-researcher-at-ifsra-participated-in-the-third-edition-of-the-annual-conference-on-interculturality-organized-by-emsome-in-paris-france","status":"publish","type":"post","link":"https:\/\/www.insuco.com\/en\/pascal-rey-ceo-of-insuco-and-associate-researcher-at-ifsra-participated-in-the-third-edition-of-the-annual-conference-on-interculturality-organized-by-emsome-in-paris-france\/","title":{"rendered":"Pascal Rey, CEO of Insuco and associate researcher at IFSRA, participated in the third edition of the annual conference on interculturality organized by EMSOME in Paris, France"},"content":{"rendered":"<p>[et_pb_section fb_built=&#8221;1&#8243; _builder_version=&#8221;3.22.7&#8243; use_background_color_gradient=&#8221;on&#8221; background_color_gradient_start=&#8221;#00818b&#8221; background_color_gradient_end=&#8221;rgba(0,129,139,0.99)&#8221; background_color_gradient_overlays_image=&#8221;on&#8221; background_image=&#8221;https:\/\/www.insuco.com\/wp-content\/uploads\/2019\/04\/insuco-slider2.jpg&#8221; custom_padding=&#8221;65px|0px|23px|0px|false|false&#8221;][et_pb_row custom_padding=&#8221;27px|0px|0|0px|false|false&#8221; _builder_version=&#8221;3.25&#8243;][et_pb_column type=&#8221;4_4&#8243; _builder_version=&#8221;3.25&#8243; custom_padding=&#8221;|||&#8221; custom_padding__hover=&#8221;|||&#8221;][et_pb_text _builder_version=&#8221;3.22.7&#8243; header_font=&#8221;|300|||||||&#8221; header_text_color=&#8221;#ffffff&#8221; header_font_size=&#8221;70px&#8221; header_2_text_color=&#8221;#ffffff&#8221; header_2_font_size=&#8221;60px&#8221; custom_padding=&#8221;|||&#8221; animation_style=&#8221;slide&#8221; animation_direction=&#8221;right&#8221; animation_delay=&#8221;500ms&#8221; z_index_tablet=&#8221;500&#8243; header_font_size_phone=&#8221;50px&#8221; header_font_size_last_edited=&#8221;on|phone&#8221; locked=&#8221;on&#8221; header_2_text_color__hover_enabled=&#8221;on&#8221; header_2_text_color__hover=&#8221;#b1e3e3&#8243;]<\/p>\n<h1>News<\/h1>\n<p>[\/et_pb_text][\/et_pb_column][\/et_pb_row][\/et_pb_section][et_pb_section fb_built=&#8221;1&#8243; _builder_version=&#8221;3.22.7&#8243; custom_padding=&#8221;21px|0px|37px|0px|false|false&#8221;][et_pb_row custom_padding=&#8221;||29px|||&#8221; _builder_version=&#8221;3.25&#8243;][et_pb_column type=&#8221;4_4&#8243; _builder_version=&#8221;3.25&#8243; custom_padding=&#8221;|||&#8221; custom_padding__hover=&#8221;|||&#8221;][et_pb_post_title author=&#8221;off&#8221; date_format=&#8221;M Y&#8221; comments=&#8221;off&#8221; featured_image=&#8221;off&#8221; _builder_version=&#8221;3.26&#8243; title_level=&#8221;h2&#8243; title_font=&#8221;||||||||&#8221; title_text_color=&#8221;#00818b&#8221; title_font_size=&#8221;55px&#8221; title_font_size_phone=&#8221;34px&#8221; title_font_size_last_edited=&#8221;on|phone&#8221; locked=&#8221;on&#8221;][\/et_pb_post_title][\/et_pb_column][\/et_pb_row][et_pb_row column_structure=&#8221;2_5,3_5&#8243; use_custom_gutter=&#8221;on&#8221; custom_padding=&#8221;0px||34px|||&#8221; _builder_version=&#8221;3.25&#8243;][et_pb_column type=&#8221;2_5&#8243; _builder_version=&#8221;3.25&#8243; custom_padding=&#8221;|||&#8221; custom_padding__hover=&#8221;|||&#8221;][et_pb_image src=&#8221;https:\/\/www.insuco.com\/wp-content\/uploads\/2019\/12\/2-web.jpg&#8221; force_fullwidth=&#8221;on&#8221; align_tablet=&#8221;center&#8221; align_last_edited=&#8221;on|desktop&#8221; admin_label=&#8221;Image&#8221; _builder_version=&#8221;3.26&#8243;][\/et_pb_image][et_pb_image src=&#8221;https:\/\/www.insuco.com\/wp-content\/uploads\/2019\/12\/1-web.jpg&#8221; force_fullwidth=&#8221;on&#8221; align_tablet=&#8221;center&#8221; align_last_edited=&#8221;on|desktop&#8221; admin_label=&#8221;Image&#8221; _builder_version=&#8221;3.26&#8243;][\/et_pb_image][et_pb_image src=&#8221;https:\/\/www.insuco.com\/wp-content\/uploads\/2019\/12\/3-web.jpg&#8221; force_fullwidth=&#8221;on&#8221; align_tablet=&#8221;center&#8221; align_last_edited=&#8221;on|desktop&#8221; admin_label=&#8221;Image&#8221; _builder_version=&#8221;3.26&#8243;][\/et_pb_image][et_pb_video src=&#8221;https:\/\/www.youtube.com\/watch?v=T-jn1_thxK8&#8243; disabled_on=&#8221;on|on|on&#8221; _builder_version=&#8221;3.22.7&#8243; disabled=&#8221;on&#8221;][\/et_pb_video][\/et_pb_column][et_pb_column type=&#8221;3_5&#8243; _builder_version=&#8221;3.25&#8243; custom_padding=&#8221;|||&#8221; custom_padding__hover=&#8221;|||&#8221;][et_pb_text admin_label=&#8221;Texte &#8221; _builder_version=&#8221;3.26&#8243; header_2_text_color=&#8221;#00818b&#8221; header_2_font_size=&#8221;55px&#8221; custom_padding=&#8221;0px|||||&#8221; z_index_tablet=&#8221;500&#8243; header_2_font_size_phone=&#8221;40px&#8221; header_2_font_size_last_edited=&#8221;on|phone&#8221;]<\/p>\n<p>Last 27<sup>th<\/sup> of November, Pascal Rey, Insuco Chief Executive Officer and associate researcher at the Institute for Social Research in Africa (IFSRA), had the pleasure to participate in the third edition of the annual conference on interculturality, organized in Paris by the French Military Staff specialized in overseas actions (EMSOME). EMSOME is, amongst other functions, the institution responsible for the training of soldiers on the physical, human, and cultural environments of the foreign territories where they will be deployed. This year, the theme chosen for the conference was \u201cOperational Interculturality\u201d.<\/p>\n<p>During this conference, Pascal Rey had the opportunity to present concrete examples observed in various African countries of the challenges of understanding one another due to cultural differences between two armies, in the context of bilateral cooperation. In his presentation, he showed how such difficulties can have very negative impacts on the good implementation of military missions. In fact, if we can notice in the past few years a steady increase of bilateral and multilateral cooperation between armies, it seems therefore crucial to better take into account in the military training the importance of openness, mutual respect and dialogue in order to strengthen soldiers\u2019 capacity to collaborate with other armies of diverse cultural backgrounds.<\/p>\n<p>Many thanks to the EMSOME for their invitation and to all the participants for the quality of the exchanges!<\/p>\n<p>[\/et_pb_text][\/et_pb_column][\/et_pb_row][et_pb_row use_custom_gutter=&#8221;on&#8221; gutter_width=&#8221;2&#8243; custom_padding=&#8221;0px|||||&#8221; _builder_version=&#8221;3.25&#8243; locked=&#8221;off&#8221;][et_pb_column type=&#8221;4_4&#8243; _builder_version=&#8221;3.25&#8243; custom_padding=&#8221;|||&#8221; custom_padding__hover=&#8221;|||&#8221;][et_pb_gallery gallery_ids=&#8221;24513,24539&#8243; posts_number=&#8221;2&#8243; show_title_and_caption=&#8221;off&#8221; show_pagination=&#8221;off&#8221; disabled_on=&#8221;on|on|on&#8221; _builder_version=&#8221;3.26&#8243; disabled=&#8221;on&#8221; locked=&#8221;off&#8221;][\/et_pb_gallery][\/et_pb_column][\/et_pb_row][\/et_pb_section]<\/p>\n","protected":false},"excerpt":{"rendered":"<p>Last 27th of November, Pascal Rey had the pleasure to participate in the third edition of the annual conference on interculturality, organized in Paris by EMSOME&#8230;<\/p>\n","protected":false},"author":9,"featured_media":25234,"comment_status":"closed","ping_status":"open","sticky":false,"template":"","format":"standard","meta":{"_acf_changed":false,"_et_pb_use_builder":"on","_et_pb_old_content":"Guill\u00e9n Calvo (Directeur G\u00e9n\u00e9ral Insuco Am\u00e9rique Latine) \u00e9tait l\u2019un des intervenants dans la formation organis\u00e9e par la Corporation Vivo Cuenca le 14 mai 2019 \u00e0 Manizales, en Colombie. Vivo Cuenca est une ONG financ\u00e9e par diff\u00e9rentes entreprises publiques dans les secteurs de l\u2019eau, de l\u2019\u00e9nergie et de la gestion des d\u00e9chets, qui a pour objectif de promouvoir la conservation et gestion durable du bassin versant du R\u00edo Chinchin\u00e1 \u00e0 travers une approche territoriale.\r\n\r\nLa formation \u00e9tait destin\u00e9e aux diff\u00e9rentes entit\u00e9s publiques, entreprises priv\u00e9es et communaut\u00e9s impliqu\u00e9es dans la gestion du R\u00edo Chinchin\u00e1, et s\u2019est centr\u00e9e sur le sujet de la valorisation du patrimoine bioculturel pour soutenir le d\u00e9veloppement territorial. Nous sommes tr\u00e8s heureux d\u2019avoir pu partager notre exp\u00e9rience sur la Responsabilit\u00e9 Territoriale des Entreprises (RTE) et la gestion territoriale participative, et d\u2019avoir contribu\u00e9 au d\u00e9veloppement de cette initiative innovante, merci encore \u00e0 tous les participants pour ces riches \u00e9changes !","_et_gb_content_width":"","footnotes":""},"categories":[186],"tags":[565],"class_list":["post-25253","post","type-post","status-publish","format-standard","has-post-thumbnail","hentry","category-on-the-front-page","tag-anciens-articles-avec-builder-en"],"acf":[],"yoast_head":"<!-- This site is optimized with the Yoast SEO plugin v26.0 - https:\/\/yoast.com\/wordpress\/plugins\/seo\/ -->\n<title>Pascal Rey, CEO of Insuco and associate researcher at IFSRA, participated in the third edition of the annual conference on interculturality organized by EMSOME in Paris, France - Insuco<\/title>\n<meta name=\"robots\" content=\"index, follow, max-snippet:-1, max-image-preview:large, max-video-preview:-1\" \/>\n<link rel=\"canonical\" href=\"https:\/\/www.insuco.com\/en\/pascal-rey-ceo-of-insuco-and-associate-researcher-at-ifsra-participated-in-the-third-edition-of-the-annual-conference-on-interculturality-organized-by-emsome-in-paris-france\/\" \/>\n<meta property=\"og:locale\" content=\"en_US\" \/>\n<meta property=\"og:type\" content=\"article\" \/>\n<meta property=\"og:title\" content=\"Pascal Rey, CEO of Insuco and associate researcher at IFSRA, participated in the third edition of the annual conference on interculturality organized by EMSOME in Paris, France - Insuco\" \/>\n<meta property=\"og:description\" content=\"Last 27th of November, Pascal Rey had the pleasure to participate in the third edition of the annual conference on interculturality, organized in Paris by EMSOME...\" \/>\n<meta property=\"og:url\" content=\"https:\/\/www.insuco.com\/en\/pascal-rey-ceo-of-insuco-and-associate-researcher-at-ifsra-participated-in-the-third-edition-of-the-annual-conference-on-interculturality-organized-by-emsome-in-paris-france\/\" \/>\n<meta property=\"og:site_name\" content=\"Insuco\" \/>\n<meta property=\"article:published_time\" content=\"2019-12-13T17:53:13+00:00\" \/>\n<meta property=\"article:modified_time\" content=\"2024-02-13T09:31:32+00:00\" \/>\n<meta property=\"og:image\" content=\"https:\/\/www.insuco.com\/wp-content\/uploads\/2019\/12\/2-web.jpg\" \/>\n\t<meta property=\"og:image:width\" content=\"753\" \/>\n\t<meta property=\"og:image:height\" content=\"481\" \/>\n\t<meta property=\"og:image:type\" content=\"image\/jpeg\" \/>\n<meta name=\"author\" content=\"Adminsuco\" \/>\n<meta name=\"twitter:card\" content=\"summary_large_image\" \/>\n<meta name=\"twitter:label1\" content=\"Written by\" \/>\n\t<meta name=\"twitter:data1\" content=\"Adminsuco\" \/>\n\t<meta name=\"twitter:label2\" content=\"Est. reading time\" \/>\n\t<meta name=\"twitter:data2\" content=\"4 minutes\" \/>\n<script type=\"application\/ld+json\" class=\"yoast-schema-graph\">{\"@context\":\"https:\/\/schema.org\",\"@graph\":[{\"@type\":\"WebPage\",\"@id\":\"https:\/\/www.insuco.com\/en\/pascal-rey-ceo-of-insuco-and-associate-researcher-at-ifsra-participated-in-the-third-edition-of-the-annual-conference-on-interculturality-organized-by-emsome-in-paris-france\/\",\"url\":\"https:\/\/www.insuco.com\/en\/pascal-rey-ceo-of-insuco-and-associate-researcher-at-ifsra-participated-in-the-third-edition-of-the-annual-conference-on-interculturality-organized-by-emsome-in-paris-france\/\",\"name\":\"Pascal Rey, CEO of Insuco and associate researcher at IFSRA, participated in the third edition of the annual conference on interculturality organized by EMSOME in Paris, France - Insuco\",\"isPartOf\":{\"@id\":\"https:\/\/www.insuco.com\/en\/#website\"},\"primaryImageOfPage\":{\"@id\":\"https:\/\/www.insuco.com\/en\/pascal-rey-ceo-of-insuco-and-associate-researcher-at-ifsra-participated-in-the-third-edition-of-the-annual-conference-on-interculturality-organized-by-emsome-in-paris-france\/#primaryimage\"},\"image\":{\"@id\":\"https:\/\/www.insuco.com\/en\/pascal-rey-ceo-of-insuco-and-associate-researcher-at-ifsra-participated-in-the-third-edition-of-the-annual-conference-on-interculturality-organized-by-emsome-in-paris-france\/#primaryimage\"},\"thumbnailUrl\":\"https:\/\/www.insuco.com\/wp-content\/uploads\/2019\/12\/2-web.jpg\",\"datePublished\":\"2019-12-13T17:53:13+00:00\",\"dateModified\":\"2024-02-13T09:31:32+00:00\",\"author\":{\"@id\":\"https:\/\/www.insuco.com\/en\/#\/schema\/person\/3c72f109959d035ed553aaf9a4f36fb2\"},\"breadcrumb\":{\"@id\":\"https:\/\/www.insuco.com\/en\/pascal-rey-ceo-of-insuco-and-associate-researcher-at-ifsra-participated-in-the-third-edition-of-the-annual-conference-on-interculturality-organized-by-emsome-in-paris-france\/#breadcrumb\"},\"inLanguage\":\"en-US\",\"potentialAction\":[{\"@type\":\"ReadAction\",\"target\":[\"https:\/\/www.insuco.com\/en\/pascal-rey-ceo-of-insuco-and-associate-researcher-at-ifsra-participated-in-the-third-edition-of-the-annual-conference-on-interculturality-organized-by-emsome-in-paris-france\/\"]}]},{\"@type\":\"ImageObject\",\"inLanguage\":\"en-US\",\"@id\":\"https:\/\/www.insuco.com\/en\/pascal-rey-ceo-of-insuco-and-associate-researcher-at-ifsra-participated-in-the-third-edition-of-the-annual-conference-on-interculturality-organized-by-emsome-in-paris-france\/#primaryimage\",\"url\":\"https:\/\/www.insuco.com\/wp-content\/uploads\/2019\/12\/2-web.jpg\",\"contentUrl\":\"https:\/\/www.insuco.com\/wp-content\/uploads\/2019\/12\/2-web.jpg\",\"width\":753,\"height\":481},{\"@type\":\"BreadcrumbList\",\"@id\":\"https:\/\/www.insuco.com\/en\/pascal-rey-ceo-of-insuco-and-associate-researcher-at-ifsra-participated-in-the-third-edition-of-the-annual-conference-on-interculturality-organized-by-emsome-in-paris-france\/#breadcrumb\",\"itemListElement\":[{\"@type\":\"ListItem\",\"position\":1,\"name\":\"Accueil\",\"item\":\"https:\/\/www.insuco.com\/en\/\"},{\"@type\":\"ListItem\",\"position\":2,\"name\":\"Pascal Rey, CEO of Insuco and associate researcher at IFSRA, participated in the third edition of the annual conference on interculturality organized by EMSOME in Paris, France\"}]},{\"@type\":\"WebSite\",\"@id\":\"https:\/\/www.insuco.com\/en\/#website\",\"url\":\"https:\/\/www.insuco.com\/en\/\",\"name\":\"Insuco\",\"description\":\"Local understanding for sustainable solutions\",\"potentialAction\":[{\"@type\":\"SearchAction\",\"target\":{\"@type\":\"EntryPoint\",\"urlTemplate\":\"https:\/\/www.insuco.com\/en\/?s={search_term_string}\"},\"query-input\":{\"@type\":\"PropertyValueSpecification\",\"valueRequired\":true,\"valueName\":\"search_term_string\"}}],\"inLanguage\":\"en-US\"},{\"@type\":\"Person\",\"@id\":\"https:\/\/www.insuco.com\/en\/#\/schema\/person\/3c72f109959d035ed553aaf9a4f36fb2\",\"name\":\"Adminsuco\",\"image\":{\"@type\":\"ImageObject\",\"inLanguage\":\"en-US\",\"@id\":\"https:\/\/www.insuco.com\/en\/#\/schema\/person\/image\/\",\"url\":\"https:\/\/secure.gravatar.com\/avatar\/389ef4ba4632db6dc50909f0557b625d40f4c6e71aeace157847c2ffeafdb58d?s=96&d=mm&r=g\",\"contentUrl\":\"https:\/\/secure.gravatar.com\/avatar\/389ef4ba4632db6dc50909f0557b625d40f4c6e71aeace157847c2ffeafdb58d?s=96&d=mm&r=g\",\"caption\":\"Adminsuco\"}}]}<\/script>\n<!-- \/ Yoast SEO plugin. -->","yoast_head_json":{"title":"Pascal Rey, CEO of Insuco and associate researcher at IFSRA, participated in the third edition of the annual conference on interculturality organized by EMSOME in Paris, France - Insuco","robots":{"index":"index","follow":"follow","max-snippet":"max-snippet:-1","max-image-preview":"max-image-preview:large","max-video-preview":"max-video-preview:-1"},"canonical":"https:\/\/www.insuco.com\/en\/pascal-rey-ceo-of-insuco-and-associate-researcher-at-ifsra-participated-in-the-third-edition-of-the-annual-conference-on-interculturality-organized-by-emsome-in-paris-france\/","og_locale":"en_US","og_type":"article","og_title":"Pascal Rey, CEO of Insuco and associate researcher at IFSRA, participated in the third edition of the annual conference on interculturality organized by EMSOME in Paris, France - Insuco","og_description":"Last 27th of November, Pascal Rey had the pleasure to participate in the third edition of the annual conference on interculturality, organized in Paris by EMSOME...","og_url":"https:\/\/www.insuco.com\/en\/pascal-rey-ceo-of-insuco-and-associate-researcher-at-ifsra-participated-in-the-third-edition-of-the-annual-conference-on-interculturality-organized-by-emsome-in-paris-france\/","og_site_name":"Insuco","article_published_time":"2019-12-13T17:53:13+00:00","article_modified_time":"2024-02-13T09:31:32+00:00","og_image":[{"width":753,"height":481,"url":"https:\/\/www.insuco.com\/wp-content\/uploads\/2019\/12\/2-web.jpg","type":"image\/jpeg"}],"author":"Adminsuco","twitter_card":"summary_large_image","twitter_misc":{"Written by":"Adminsuco","Est. reading time":"4 minutes"},"schema":{"@context":"https:\/\/schema.org","@graph":[{"@type":"WebPage","@id":"https:\/\/www.insuco.com\/en\/pascal-rey-ceo-of-insuco-and-associate-researcher-at-ifsra-participated-in-the-third-edition-of-the-annual-conference-on-interculturality-organized-by-emsome-in-paris-france\/","url":"https:\/\/www.insuco.com\/en\/pascal-rey-ceo-of-insuco-and-associate-researcher-at-ifsra-participated-in-the-third-edition-of-the-annual-conference-on-interculturality-organized-by-emsome-in-paris-france\/","name":"Pascal Rey, CEO of Insuco and associate researcher at IFSRA, participated in the third edition of the annual conference on interculturality organized by EMSOME in Paris, France - Insuco","isPartOf":{"@id":"https:\/\/www.insuco.com\/en\/#website"},"primaryImageOfPage":{"@id":"https:\/\/www.insuco.com\/en\/pascal-rey-ceo-of-insuco-and-associate-researcher-at-ifsra-participated-in-the-third-edition-of-the-annual-conference-on-interculturality-organized-by-emsome-in-paris-france\/#primaryimage"},"image":{"@id":"https:\/\/www.insuco.com\/en\/pascal-rey-ceo-of-insuco-and-associate-researcher-at-ifsra-participated-in-the-third-edition-of-the-annual-conference-on-interculturality-organized-by-emsome-in-paris-france\/#primaryimage"},"thumbnailUrl":"https:\/\/www.insuco.com\/wp-content\/uploads\/2019\/12\/2-web.jpg","datePublished":"2019-12-13T17:53:13+00:00","dateModified":"2024-02-13T09:31:32+00:00","author":{"@id":"https:\/\/www.insuco.com\/en\/#\/schema\/person\/3c72f109959d035ed553aaf9a4f36fb2"},"breadcrumb":{"@id":"https:\/\/www.insuco.com\/en\/pascal-rey-ceo-of-insuco-and-associate-researcher-at-ifsra-participated-in-the-third-edition-of-the-annual-conference-on-interculturality-organized-by-emsome-in-paris-france\/#breadcrumb"},"inLanguage":"en-US","potentialAction":[{"@type":"ReadAction","target":["https:\/\/www.insuco.com\/en\/pascal-rey-ceo-of-insuco-and-associate-researcher-at-ifsra-participated-in-the-third-edition-of-the-annual-conference-on-interculturality-organized-by-emsome-in-paris-france\/"]}]},{"@type":"ImageObject","inLanguage":"en-US","@id":"https:\/\/www.insuco.com\/en\/pascal-rey-ceo-of-insuco-and-associate-researcher-at-ifsra-participated-in-the-third-edition-of-the-annual-conference-on-interculturality-organized-by-emsome-in-paris-france\/#primaryimage","url":"https:\/\/www.insuco.com\/wp-content\/uploads\/2019\/12\/2-web.jpg","contentUrl":"https:\/\/www.insuco.com\/wp-content\/uploads\/2019\/12\/2-web.jpg","width":753,"height":481},{"@type":"BreadcrumbList","@id":"https:\/\/www.insuco.com\/en\/pascal-rey-ceo-of-insuco-and-associate-researcher-at-ifsra-participated-in-the-third-edition-of-the-annual-conference-on-interculturality-organized-by-emsome-in-paris-france\/#breadcrumb","itemListElement":[{"@type":"ListItem","position":1,"name":"Accueil","item":"https:\/\/www.insuco.com\/en\/"},{"@type":"ListItem","position":2,"name":"Pascal Rey, CEO of Insuco and associate researcher at IFSRA, participated in the third edition of the annual conference on interculturality organized by EMSOME in Paris, France"}]},{"@type":"WebSite","@id":"https:\/\/www.insuco.com\/en\/#website","url":"https:\/\/www.insuco.com\/en\/","name":"Insuco","description":"Local understanding for sustainable solutions","potentialAction":[{"@type":"SearchAction","target":{"@type":"EntryPoint","urlTemplate":"https:\/\/www.insuco.com\/en\/?s={search_term_string}"},"query-input":{"@type":"PropertyValueSpecification","valueRequired":true,"valueName":"search_term_string"}}],"inLanguage":"en-US"},{"@type":"Person","@id":"https:\/\/www.insuco.com\/en\/#\/schema\/person\/3c72f109959d035ed553aaf9a4f36fb2","name":"Adminsuco","image":{"@type":"ImageObject","inLanguage":"en-US","@id":"https:\/\/www.insuco.com\/en\/#\/schema\/person\/image\/","url":"https:\/\/secure.gravatar.com\/avatar\/389ef4ba4632db6dc50909f0557b625d40f4c6e71aeace157847c2ffeafdb58d?s=96&d=mm&r=g","contentUrl":"https:\/\/secure.gravatar.com\/avatar\/389ef4ba4632db6dc50909f0557b625d40f4c6e71aeace157847c2ffeafdb58d?s=96&d=mm&r=g","caption":"Adminsuco"}}]}},"_links":{"self":[{"href":"https:\/\/www.insuco.com\/en\/wp-json\/wp\/v2\/posts\/25253","targetHints":{"allow":["GET"]}}],"collection":[{"href":"https:\/\/www.insuco.com\/en\/wp-json\/wp\/v2\/posts"}],"about":[{"href":"https:\/\/www.insuco.com\/en\/wp-json\/wp\/v2\/types\/post"}],"author":[{"embeddable":true,"href":"https:\/\/www.insuco.com\/en\/wp-json\/wp\/v2\/users\/9"}],"replies":[{"embeddable":true,"href":"https:\/\/www.insuco.com\/en\/wp-json\/wp\/v2\/comments?post=25253"}],"version-history":[{"count":3,"href":"https:\/\/www.insuco.com\/en\/wp-json\/wp\/v2\/posts\/25253\/revisions"}],"predecessor-version":[{"id":25260,"href":"https:\/\/www.insuco.com\/en\/wp-json\/wp\/v2\/posts\/25253\/revisions\/25260"}],"wp:featuredmedia":[{"embeddable":true,"href":"https:\/\/www.insuco.com\/en\/wp-json\/wp\/v2\/media\/25234"}],"wp:attachment":[{"href":"https:\/\/www.insuco.com\/en\/wp-json\/wp\/v2\/media?parent=25253"}],"wp:term":[{"taxonomy":"category","embeddable":true,"href":"https:\/\/www.insuco.com\/en\/wp-json\/wp\/v2\/categories?post=25253"},{"taxonomy":"post_tag","embeddable":true,"href":"https:\/\/www.insuco.com\/en\/wp-json\/wp\/v2\/tags?post=25253"}],"curies":[{"name":"wp","href":"https:\/\/api.w.org\/{rel}","templated":true}]}}