{"id":17126,"date":"2019-05-30T14:46:58","date_gmt":"2019-05-30T12:46:58","guid":{"rendered":"https:\/\/www.insuco.com\/insuco-a-anime-une-formation-en-colombie-sur-le-sujet-du-developpement-territorial\/"},"modified":"2024-02-13T10:32:00","modified_gmt":"2024-02-13T09:32:00","slug":"insuco-facilitated-a-training-session-in-colombia-about-territorial-development","status":"publish","type":"post","link":"https:\/\/www.insuco.com\/en\/insuco-facilitated-a-training-session-in-colombia-about-territorial-development\/","title":{"rendered":"Insuco facilitated a training session in Colombia about territorial development"},"content":{"rendered":"<p>[et_pb_section fb_built=&#8221;1&#8243; _builder_version=&#8221;3.22.7&#8243; use_background_color_gradient=&#8221;on&#8221; background_color_gradient_start=&#8221;#00818b&#8221; background_color_gradient_end=&#8221;rgba(0,129,139,0.99)&#8221; background_color_gradient_overlays_image=&#8221;on&#8221; background_image=&#8221;https:\/\/www.insuco.com\/wp-content\/uploads\/2019\/04\/insuco-slider2.jpg&#8221; custom_padding=&#8221;65px|0px|23px|0px|false|false&#8221;][et_pb_row custom_padding=&#8221;27px|0px|0|0px|false|false&#8221; _builder_version=&#8221;3.25&#8243;][et_pb_column type=&#8221;4_4&#8243; _builder_version=&#8221;3.0.47&#8243; custom_padding=&#8221;|||&#8221; custom_padding__hover=&#8221;|||&#8221;][et_pb_text _builder_version=&#8221;3.22.7&#8243; header_font=&#8221;|300|||||||&#8221; header_text_color=&#8221;#ffffff&#8221; header_font_size=&#8221;70px&#8221; header_2_text_color=&#8221;#ffffff&#8221; header_2_font_size=&#8221;60px&#8221; custom_padding=&#8221;|||&#8221; animation_style=&#8221;slide&#8221; animation_direction=&#8221;right&#8221; animation_delay=&#8221;500ms&#8221; z_index_tablet=&#8221;500&#8243; header_font_size_phone=&#8221;50px&#8221; header_font_size_last_edited=&#8221;on|phone&#8221; header_2_text_color__hover_enabled=&#8221;on&#8221; header_2_text_color__hover=&#8221;#b1e3e3&#8243;]<\/p>\n<h1>News<\/h1>\n<p>[\/et_pb_text][\/et_pb_column][\/et_pb_row][\/et_pb_section][et_pb_section fb_built=&#8221;1&#8243; _builder_version=&#8221;3.22.7&#8243; custom_padding=&#8221;21px|0px|37px|0px|false|false&#8221;][et_pb_row custom_padding=&#8221;||29px|||&#8221; _builder_version=&#8221;3.22.7&#8243; global_module=&#8221;14761&#8243;][et_pb_column type=&#8221;4_4&#8243; _builder_version=&#8221;3.0.47&#8243; custom_padding=&#8221;|||&#8221; custom_padding__hover=&#8221;|||&#8221;][et_pb_post_title author=&#8221;off&#8221; date_format=&#8221;M Y&#8221; comments=&#8221;off&#8221; featured_image=&#8221;off&#8221; _builder_version=&#8221;3.25.4&#8243; title_level=&#8221;h2&#8243; title_text_color=&#8221;#00818b&#8221; title_font_size=&#8221;55px&#8221; z_index_tablet=&#8221;500&#8243; title_font_size_phone=&#8221;34px&#8221; title_font_size_last_edited=&#8221;on|phone&#8221; title_text_shadow_horizontal_length_tablet=&#8221;0px&#8221; title_text_shadow_vertical_length_tablet=&#8221;0px&#8221; title_text_shadow_blur_strength_tablet=&#8221;1px&#8221; meta_text_shadow_horizontal_length_tablet=&#8221;0px&#8221; meta_text_shadow_vertical_length_tablet=&#8221;0px&#8221; meta_text_shadow_blur_strength_tablet=&#8221;1px&#8221; box_shadow_horizontal_tablet=&#8221;0px&#8221; box_shadow_vertical_tablet=&#8221;0px&#8221; box_shadow_blur_tablet=&#8221;40px&#8221; box_shadow_spread_tablet=&#8221;0px&#8221; text_shadow_horizontal_length_tablet=&#8221;0px&#8221; text_shadow_vertical_length_tablet=&#8221;0px&#8221; text_shadow_blur_strength_tablet=&#8221;1px&#8221;][\/et_pb_post_title][\/et_pb_column][\/et_pb_row][et_pb_row use_custom_gutter=&#8221;on&#8221; custom_padding=&#8221;0px||34px|||&#8221; _builder_version=&#8221;3.25&#8243; column_structure=&#8221;2_5,3_5&#8243;][et_pb_column type=&#8221;2_5&#8243; _builder_version=&#8221;3.0.47&#8243; custom_padding=&#8221;|||&#8221; custom_padding__hover=&#8221;|||&#8221;][et_pb_image src=&#8221;https:\/\/www.insuco.com\/wp-content\/uploads\/2019\/05\/vivo-cuenca-capacitacion-CTR.jpg&#8221; force_fullwidth=&#8221;on&#8221; align_tablet=&#8221;center&#8221; align_last_edited=&#8221;on|desktop&#8221; _builder_version=&#8221;3.23&#8243;]<br \/>\n[\/et_pb_image][et_pb_video src=&#8221;https:\/\/www.youtube.com\/watch?v=Xj-L5ZtPR8I&#038;feature=youtu.be&#8221; _builder_version=&#8221;3.26&#8243;]<br \/>\n[\/et_pb_video][\/et_pb_column][et_pb_column type=&#8221;3_5&#8243; _builder_version=&#8221;3.0.47&#8243; custom_padding=&#8221;|||&#8221; custom_padding__hover=&#8221;|||&#8221;][et_pb_text _builder_version=&#8221;3.25.4&#8243; header_2_text_color=&#8221;#00818b&#8221; header_2_font_size=&#8221;55px&#8221; custom_padding=&#8221;0px|||||&#8221; z_index_tablet=&#8221;500&#8243; text_text_shadow_horizontal_length_tablet=&#8221;0px&#8221; text_text_shadow_vertical_length_tablet=&#8221;0px&#8221; text_text_shadow_blur_strength_tablet=&#8221;1px&#8221; link_text_shadow_horizontal_length_tablet=&#8221;0px&#8221; link_text_shadow_vertical_length_tablet=&#8221;0px&#8221; link_text_shadow_blur_strength_tablet=&#8221;1px&#8221; ul_text_shadow_horizontal_length_tablet=&#8221;0px&#8221; ul_text_shadow_vertical_length_tablet=&#8221;0px&#8221; ul_text_shadow_blur_strength_tablet=&#8221;1px&#8221; ol_text_shadow_horizontal_length_tablet=&#8221;0px&#8221; ol_text_shadow_vertical_length_tablet=&#8221;0px&#8221; ol_text_shadow_blur_strength_tablet=&#8221;1px&#8221; quote_text_shadow_horizontal_length_tablet=&#8221;0px&#8221; quote_text_shadow_vertical_length_tablet=&#8221;0px&#8221; quote_text_shadow_blur_strength_tablet=&#8221;1px&#8221; header_text_shadow_horizontal_length_tablet=&#8221;0px&#8221; header_text_shadow_vertical_length_tablet=&#8221;0px&#8221; header_text_shadow_blur_strength_tablet=&#8221;1px&#8221; header_2_font_size_phone=&#8221;40px&#8221; header_2_font_size_last_edited=&#8221;on|phone&#8221; header_2_text_shadow_horizontal_length_tablet=&#8221;0px&#8221; header_2_text_shadow_vertical_length_tablet=&#8221;0px&#8221; header_2_text_shadow_blur_strength_tablet=&#8221;1px&#8221; header_3_text_shadow_horizontal_length_tablet=&#8221;0px&#8221; header_3_text_shadow_vertical_length_tablet=&#8221;0px&#8221; header_3_text_shadow_blur_strength_tablet=&#8221;1px&#8221; header_4_text_shadow_horizontal_length_tablet=&#8221;0px&#8221; header_4_text_shadow_vertical_length_tablet=&#8221;0px&#8221; header_4_text_shadow_blur_strength_tablet=&#8221;1px&#8221; header_5_text_shadow_horizontal_length_tablet=&#8221;0px&#8221; header_5_text_shadow_vertical_length_tablet=&#8221;0px&#8221; header_5_text_shadow_blur_strength_tablet=&#8221;1px&#8221; header_6_text_shadow_horizontal_length_tablet=&#8221;0px&#8221; header_6_text_shadow_vertical_length_tablet=&#8221;0px&#8221; header_6_text_shadow_blur_strength_tablet=&#8221;1px&#8221; box_shadow_horizontal_tablet=&#8221;0px&#8221; box_shadow_vertical_tablet=&#8221;0px&#8221; box_shadow_blur_tablet=&#8221;40px&#8221; box_shadow_spread_tablet=&#8221;0px&#8221;]<\/p>\n<p>Guill\u00e9n Calvo (Insuco General Manager for Latin America), was one of the speakers in the training organised by Vivo Cuenca Corporation on the 14th of May 2019, in Manizales, Colombia. Vivo Cuenca is an NGO funded by different public companies in the water, energy and waste sectors, that aims at promoting the conservation and sustainable management of R\u00edo Chinchin\u00e1 watershed through a territorial approach.<\/p>\n<p>The training was intended for the different public entities, private companies and communities involved in R\u00edo Chinchin\u00e1 management, and focused on the valorisation of biocultural heritage to foster territorial development. We were very glad to share our experience regarding Corporate Territorial Responsibility (CTR) and participative territorial management, and to contribute to the development of this innovative initiative, thank you again to all the participants for these great exchanges!<\/p>\n<p>[\/et_pb_text][\/et_pb_column][\/et_pb_row][et_pb_row use_custom_gutter=&#8221;on&#8221; gutter_width=&#8221;2&#8243; custom_padding=&#8221;0px|||||&#8221; _builder_version=&#8221;3.25&#8243;][et_pb_column type=&#8221;4_4&#8243; _builder_version=&#8221;3.0.47&#8243; custom_padding=&#8221;|||&#8221; custom_padding__hover=&#8221;|||&#8221;][et_pb_gallery gallery_ids=&#8221;13556,13553,13550&#8243; show_title_and_caption=&#8221;off&#8221; show_pagination=&#8221;off&#8221; _builder_version=&#8221;3.22.7&#8243;]<br \/>\n[\/et_pb_gallery][\/et_pb_column][\/et_pb_row][\/et_pb_section]<\/p>\n","protected":false},"excerpt":{"rendered":"<p>Guill\u00e9n Calvo (Insuco General Manager for Latin America), was one of the speakers in the training organised by Vivo Cuenca Corporation&#8230;<\/p>\n","protected":false},"author":1,"featured_media":13575,"comment_status":"closed","ping_status":"open","sticky":false,"template":"","format":"standard","meta":{"_acf_changed":false,"_et_pb_use_builder":"on","_et_pb_old_content":"Guill\u00e9n Calvo (Directeur G\u00e9n\u00e9ral Insuco Am\u00e9rique Latine) \u00e9tait l\u2019un des intervenants dans la formation organis\u00e9e par la Corporation Vivo Cuenca le 14 mai 2019 \u00e0 Manizales, en Colombie. Vivo Cuenca est une ONG financ\u00e9e par diff\u00e9rentes entreprises publiques dans les secteurs de l\u2019eau, de l\u2019\u00e9nergie et de la gestion des d\u00e9chets, qui a pour objectif de promouvoir la conservation et gestion durable du bassin versant du R\u00edo Chinchin\u00e1 \u00e0 travers une approche territoriale.\r\n\r\nLa formation \u00e9tait destin\u00e9e aux diff\u00e9rentes entit\u00e9s publiques, entreprises priv\u00e9es et communaut\u00e9s impliqu\u00e9es dans la gestion du R\u00edo Chinchin\u00e1, et s\u2019est centr\u00e9e sur le sujet de la valorisation du patrimoine bioculturel pour soutenir le d\u00e9veloppement territorial. Nous sommes tr\u00e8s heureux d\u2019avoir pu partager notre exp\u00e9rience sur la Responsabilit\u00e9 Territoriale des Entreprises (RTE) et la gestion territoriale participative, et d\u2019avoir contribu\u00e9 au d\u00e9veloppement de cette initiative innovante, merci encore \u00e0 tous les participants pour ces riches \u00e9changes !","_et_gb_content_width":"","footnotes":""},"categories":[190],"tags":[565],"class_list":["post-17126","post","type-post","status-publish","format-standard","has-post-thumbnail","hentry","category-news-from-insuco","tag-anciens-articles-avec-builder-en"],"acf":[],"yoast_head":"<!-- This site is optimized with the Yoast SEO plugin v26.0 - https:\/\/yoast.com\/wordpress\/plugins\/seo\/ -->\n<title>Insuco facilitated a training session in Colombia about territorial development - Insuco<\/title>\n<meta name=\"robots\" content=\"index, follow, max-snippet:-1, max-image-preview:large, max-video-preview:-1\" \/>\n<link rel=\"canonical\" href=\"https:\/\/www.insuco.com\/en\/insuco-facilitated-a-training-session-in-colombia-about-territorial-development\/\" \/>\n<meta property=\"og:locale\" content=\"en_US\" \/>\n<meta property=\"og:type\" content=\"article\" \/>\n<meta property=\"og:title\" content=\"Insuco facilitated a training session in Colombia about territorial development - Insuco\" \/>\n<meta property=\"og:description\" content=\"Guill\u00e9n Calvo (Insuco General Manager for Latin America), was one of the speakers in the training organised by Vivo Cuenca Corporation...\" \/>\n<meta property=\"og:url\" content=\"https:\/\/www.insuco.com\/en\/insuco-facilitated-a-training-session-in-colombia-about-territorial-development\/\" \/>\n<meta property=\"og:site_name\" content=\"Insuco\" \/>\n<meta property=\"article:published_time\" content=\"2019-05-30T12:46:58+00:00\" \/>\n<meta property=\"article:modified_time\" content=\"2024-02-13T09:32:00+00:00\" \/>\n<meta property=\"og:image\" content=\"https:\/\/www.insuco.com\/wp-content\/uploads\/2019\/05\/insuco-manizales-territorial-development.jpg\" \/>\n\t<meta property=\"og:image:width\" content=\"935\" \/>\n\t<meta property=\"og:image:height\" content=\"528\" \/>\n\t<meta property=\"og:image:type\" content=\"image\/jpeg\" \/>\n<meta name=\"author\" content=\"Insuco\" \/>\n<meta name=\"twitter:card\" content=\"summary_large_image\" \/>\n<meta name=\"twitter:label1\" content=\"Written by\" \/>\n\t<meta name=\"twitter:data1\" content=\"Insuco\" \/>\n\t<meta name=\"twitter:label2\" content=\"Est. reading time\" \/>\n\t<meta name=\"twitter:data2\" content=\"4 minutes\" \/>\n<script type=\"application\/ld+json\" class=\"yoast-schema-graph\">{\"@context\":\"https:\/\/schema.org\",\"@graph\":[{\"@type\":\"WebPage\",\"@id\":\"https:\/\/www.insuco.com\/en\/insuco-facilitated-a-training-session-in-colombia-about-territorial-development\/\",\"url\":\"https:\/\/www.insuco.com\/en\/insuco-facilitated-a-training-session-in-colombia-about-territorial-development\/\",\"name\":\"Insuco facilitated a training session in Colombia about territorial development - Insuco\",\"isPartOf\":{\"@id\":\"https:\/\/www.insuco.com\/en\/#website\"},\"primaryImageOfPage\":{\"@id\":\"https:\/\/www.insuco.com\/en\/insuco-facilitated-a-training-session-in-colombia-about-territorial-development\/#primaryimage\"},\"image\":{\"@id\":\"https:\/\/www.insuco.com\/en\/insuco-facilitated-a-training-session-in-colombia-about-territorial-development\/#primaryimage\"},\"thumbnailUrl\":\"https:\/\/www.insuco.com\/wp-content\/uploads\/2019\/05\/insuco-manizales-territorial-development.jpg\",\"datePublished\":\"2019-05-30T12:46:58+00:00\",\"dateModified\":\"2024-02-13T09:32:00+00:00\",\"author\":{\"@id\":\"https:\/\/www.insuco.com\/en\/#\/schema\/person\/e4c2fa4c8f40b0d3a921d82f67c85edf\"},\"breadcrumb\":{\"@id\":\"https:\/\/www.insuco.com\/en\/insuco-facilitated-a-training-session-in-colombia-about-territorial-development\/#breadcrumb\"},\"inLanguage\":\"en-US\",\"potentialAction\":[{\"@type\":\"ReadAction\",\"target\":[\"https:\/\/www.insuco.com\/en\/insuco-facilitated-a-training-session-in-colombia-about-territorial-development\/\"]}]},{\"@type\":\"ImageObject\",\"inLanguage\":\"en-US\",\"@id\":\"https:\/\/www.insuco.com\/en\/insuco-facilitated-a-training-session-in-colombia-about-territorial-development\/#primaryimage\",\"url\":\"https:\/\/www.insuco.com\/wp-content\/uploads\/2019\/05\/insuco-manizales-territorial-development.jpg\",\"contentUrl\":\"https:\/\/www.insuco.com\/wp-content\/uploads\/2019\/05\/insuco-manizales-territorial-development.jpg\",\"width\":935,\"height\":528},{\"@type\":\"BreadcrumbList\",\"@id\":\"https:\/\/www.insuco.com\/en\/insuco-facilitated-a-training-session-in-colombia-about-territorial-development\/#breadcrumb\",\"itemListElement\":[{\"@type\":\"ListItem\",\"position\":1,\"name\":\"Accueil\",\"item\":\"https:\/\/www.insuco.com\/en\/\"},{\"@type\":\"ListItem\",\"position\":2,\"name\":\"Insuco facilitated a training session in Colombia about territorial development\"}]},{\"@type\":\"WebSite\",\"@id\":\"https:\/\/www.insuco.com\/en\/#website\",\"url\":\"https:\/\/www.insuco.com\/en\/\",\"name\":\"Insuco\",\"description\":\"Local understanding for sustainable solutions\",\"potentialAction\":[{\"@type\":\"SearchAction\",\"target\":{\"@type\":\"EntryPoint\",\"urlTemplate\":\"https:\/\/www.insuco.com\/en\/?s={search_term_string}\"},\"query-input\":{\"@type\":\"PropertyValueSpecification\",\"valueRequired\":true,\"valueName\":\"search_term_string\"}}],\"inLanguage\":\"en-US\"},{\"@type\":\"Person\",\"@id\":\"https:\/\/www.insuco.com\/en\/#\/schema\/person\/e4c2fa4c8f40b0d3a921d82f67c85edf\",\"name\":\"Insuco\",\"image\":{\"@type\":\"ImageObject\",\"inLanguage\":\"en-US\",\"@id\":\"https:\/\/www.insuco.com\/en\/#\/schema\/person\/image\/\",\"url\":\"https:\/\/secure.gravatar.com\/avatar\/8571115783b20f863da28ad132654449a1f71a1c8c3e421ef49d3b8bbd28d960?s=96&d=mm&r=g\",\"contentUrl\":\"https:\/\/secure.gravatar.com\/avatar\/8571115783b20f863da28ad132654449a1f71a1c8c3e421ef49d3b8bbd28d960?s=96&d=mm&r=g\",\"caption\":\"Insuco\"}}]}<\/script>\n<!-- \/ Yoast SEO plugin. -->","yoast_head_json":{"title":"Insuco facilitated a training session in Colombia about territorial development - Insuco","robots":{"index":"index","follow":"follow","max-snippet":"max-snippet:-1","max-image-preview":"max-image-preview:large","max-video-preview":"max-video-preview:-1"},"canonical":"https:\/\/www.insuco.com\/en\/insuco-facilitated-a-training-session-in-colombia-about-territorial-development\/","og_locale":"en_US","og_type":"article","og_title":"Insuco facilitated a training session in Colombia about territorial development - Insuco","og_description":"Guill\u00e9n Calvo (Insuco General Manager for Latin America), was one of the speakers in the training organised by Vivo Cuenca Corporation...","og_url":"https:\/\/www.insuco.com\/en\/insuco-facilitated-a-training-session-in-colombia-about-territorial-development\/","og_site_name":"Insuco","article_published_time":"2019-05-30T12:46:58+00:00","article_modified_time":"2024-02-13T09:32:00+00:00","og_image":[{"width":935,"height":528,"url":"https:\/\/www.insuco.com\/wp-content\/uploads\/2019\/05\/insuco-manizales-territorial-development.jpg","type":"image\/jpeg"}],"author":"Insuco","twitter_card":"summary_large_image","twitter_misc":{"Written by":"Insuco","Est. reading time":"4 minutes"},"schema":{"@context":"https:\/\/schema.org","@graph":[{"@type":"WebPage","@id":"https:\/\/www.insuco.com\/en\/insuco-facilitated-a-training-session-in-colombia-about-territorial-development\/","url":"https:\/\/www.insuco.com\/en\/insuco-facilitated-a-training-session-in-colombia-about-territorial-development\/","name":"Insuco facilitated a training session in Colombia about territorial development - Insuco","isPartOf":{"@id":"https:\/\/www.insuco.com\/en\/#website"},"primaryImageOfPage":{"@id":"https:\/\/www.insuco.com\/en\/insuco-facilitated-a-training-session-in-colombia-about-territorial-development\/#primaryimage"},"image":{"@id":"https:\/\/www.insuco.com\/en\/insuco-facilitated-a-training-session-in-colombia-about-territorial-development\/#primaryimage"},"thumbnailUrl":"https:\/\/www.insuco.com\/wp-content\/uploads\/2019\/05\/insuco-manizales-territorial-development.jpg","datePublished":"2019-05-30T12:46:58+00:00","dateModified":"2024-02-13T09:32:00+00:00","author":{"@id":"https:\/\/www.insuco.com\/en\/#\/schema\/person\/e4c2fa4c8f40b0d3a921d82f67c85edf"},"breadcrumb":{"@id":"https:\/\/www.insuco.com\/en\/insuco-facilitated-a-training-session-in-colombia-about-territorial-development\/#breadcrumb"},"inLanguage":"en-US","potentialAction":[{"@type":"ReadAction","target":["https:\/\/www.insuco.com\/en\/insuco-facilitated-a-training-session-in-colombia-about-territorial-development\/"]}]},{"@type":"ImageObject","inLanguage":"en-US","@id":"https:\/\/www.insuco.com\/en\/insuco-facilitated-a-training-session-in-colombia-about-territorial-development\/#primaryimage","url":"https:\/\/www.insuco.com\/wp-content\/uploads\/2019\/05\/insuco-manizales-territorial-development.jpg","contentUrl":"https:\/\/www.insuco.com\/wp-content\/uploads\/2019\/05\/insuco-manizales-territorial-development.jpg","width":935,"height":528},{"@type":"BreadcrumbList","@id":"https:\/\/www.insuco.com\/en\/insuco-facilitated-a-training-session-in-colombia-about-territorial-development\/#breadcrumb","itemListElement":[{"@type":"ListItem","position":1,"name":"Accueil","item":"https:\/\/www.insuco.com\/en\/"},{"@type":"ListItem","position":2,"name":"Insuco facilitated a training session in Colombia about territorial development"}]},{"@type":"WebSite","@id":"https:\/\/www.insuco.com\/en\/#website","url":"https:\/\/www.insuco.com\/en\/","name":"Insuco","description":"Local understanding for sustainable solutions","potentialAction":[{"@type":"SearchAction","target":{"@type":"EntryPoint","urlTemplate":"https:\/\/www.insuco.com\/en\/?s={search_term_string}"},"query-input":{"@type":"PropertyValueSpecification","valueRequired":true,"valueName":"search_term_string"}}],"inLanguage":"en-US"},{"@type":"Person","@id":"https:\/\/www.insuco.com\/en\/#\/schema\/person\/e4c2fa4c8f40b0d3a921d82f67c85edf","name":"Insuco","image":{"@type":"ImageObject","inLanguage":"en-US","@id":"https:\/\/www.insuco.com\/en\/#\/schema\/person\/image\/","url":"https:\/\/secure.gravatar.com\/avatar\/8571115783b20f863da28ad132654449a1f71a1c8c3e421ef49d3b8bbd28d960?s=96&d=mm&r=g","contentUrl":"https:\/\/secure.gravatar.com\/avatar\/8571115783b20f863da28ad132654449a1f71a1c8c3e421ef49d3b8bbd28d960?s=96&d=mm&r=g","caption":"Insuco"}}]}},"_links":{"self":[{"href":"https:\/\/www.insuco.com\/en\/wp-json\/wp\/v2\/posts\/17126","targetHints":{"allow":["GET"]}}],"collection":[{"href":"https:\/\/www.insuco.com\/en\/wp-json\/wp\/v2\/posts"}],"about":[{"href":"https:\/\/www.insuco.com\/en\/wp-json\/wp\/v2\/types\/post"}],"author":[{"embeddable":true,"href":"https:\/\/www.insuco.com\/en\/wp-json\/wp\/v2\/users\/1"}],"replies":[{"embeddable":true,"href":"https:\/\/www.insuco.com\/en\/wp-json\/wp\/v2\/comments?post=17126"}],"version-history":[{"count":11,"href":"https:\/\/www.insuco.com\/en\/wp-json\/wp\/v2\/posts\/17126\/revisions"}],"predecessor-version":[{"id":22683,"href":"https:\/\/www.insuco.com\/en\/wp-json\/wp\/v2\/posts\/17126\/revisions\/22683"}],"wp:featuredmedia":[{"embeddable":true,"href":"https:\/\/www.insuco.com\/en\/wp-json\/wp\/v2\/media\/13575"}],"wp:attachment":[{"href":"https:\/\/www.insuco.com\/en\/wp-json\/wp\/v2\/media?parent=17126"}],"wp:term":[{"taxonomy":"category","embeddable":true,"href":"https:\/\/www.insuco.com\/en\/wp-json\/wp\/v2\/categories?post=17126"},{"taxonomy":"post_tag","embeddable":true,"href":"https:\/\/www.insuco.com\/en\/wp-json\/wp\/v2\/tags?post=17126"}],"curies":[{"name":"wp","href":"https:\/\/api.w.org\/{rel}","templated":true}]}}